{"id":10,"date":"2013-12-17T06:08:13","date_gmt":"2013-12-17T06:08:13","guid":{"rendered":"http:\/\/radiosinfronteras.com\/system\/?p=10"},"modified":"2014-02-17T20:46:33","modified_gmt":"2014-02-17T20:46:33","slug":"nueva-foto-de-fidel-castro-es-publicada-en-portal-oficial","status":"publish","type":"post","link":"https:\/\/radiosinfronteras.com\/system\/nueva-foto-de-fidel-castro-es-publicada-en-portal-oficial\/","title":{"rendered":"Nueva foto de Fidel Castro es publicada en portal oficial"},"content":{"rendered":"<p><img decoding=\"async\" loading=\"lazy\" class=\"alignleft\" alt=\"\" src=\"http:\/\/wscdn.bbc.co.uk\/worldservice\/assets\/images\/2013\/12\/16\/131216132607_ignacio_ramonet_fidel_castro_304x171_estudiosrevolucion.jpg\" width=\"304\" height=\"171\" \/>Nueva foto de Fidel Castro es publicada en portal oficial<br \/>\nLunes, 16 de diciembre de 2013<\/p>\n<p>Ignacio Ramonet y Fidel Castro en una reuni\u00f3n el viernes 13 de diciembre.<\/p>\n<p>El expresidente cubano y l\u00edder de la revoluci\u00f3n, Fidel Castro, reapareci\u00f3 este lunes en la prensa oficial del gobierno cubano.<\/p>\n<p>Los medios locales publicaron el lunes una foto del encuentro entre Fidel Castro y el periodista hispanofranc\u00e9s Ignacio Ramonet, reuni\u00f3n que ocurri\u00f3 el 13 de diciembre en La Habana, seg\u00fan la informaci\u00f3n oficial.<br \/>\nContenido relacionado<\/p>\n<p>El d\u00eda en que Miami abuche\u00f3 a Mandela<br \/>\nFidel Castro califica de &#8220;heroica&#8221; a Siria y elogia a Snowden<\/p>\n<p>La reuni\u00f3n se produjo &#8220;el d\u00eda en que se cumpl\u00eda el 19 aniversario del primer encuentro de Fidel con Hugo Ch\u00e1vez (13\/12\/94)&#8221;, seg\u00fan Cubadebate, que cita la cuenta de Facebook de Ramonet como fuente primaria de la informaci\u00f3n.<\/p>\n<p>&#8220;Durante m\u00e1s de dos horas, hablaron sobre el reciente libro de conversaciones de Ramonet con el Comandante bolivariano titulado &#8216;Hugo Chavez. Mi primera vida'&#8221;, asegur\u00f3 el portal oficialista.<\/p>\n<p>Castro y Ramonet tambi\u00e9n discutieron &#8220;las recientes elecciones municipales en Venezuela y sobre diversos problemas de la actualidad pol\u00edtica y ecol\u00f3gica del mundo&#8221;.<br \/>\nCasi cuatro meses en silencio<\/p>\n<p>La \u00faltima comunicaci\u00f3n p\u00fablica de Castro ocurri\u00f3 en agosto pasado, cuando el 28 el sitio electr\u00f3nico del diario Granma public\u00f3 en la columna &#8220;Reflexiones del compa\u00f1ero Fidel&#8221;, un texto del expresidente donde aseguraba que en Medio Oriente hab\u00eda una atm\u00f3sfera para &#8220;iniciar un genocidio contra los pueblos \u00e1rabes&#8221;.<\/p>\n<p>En la misma columna, Castro elogiaba a Edward Snowden, el excolaborador de la NSA que ha filtrado la informaci\u00f3n sobre el espionaje cibern\u00e9tico realizado por EE.UU.<\/p>\n<p>La publicaci\u00f3n de la foto con Ramonet ocurre despu\u00e9s de cuestionamientos de la prensa internacional sobre su salud, por el silencio de Fidel Castro tras la muerte de Nelson Mandela, quien fuera amigo cercano de Castro.<\/p>\n","protected":false},"excerpt":{"rendered":"<p>Nueva foto de Fidel Castro es publicada en portal oficial Lunes, 16 de diciembre de 2013 Ignacio Ramonet y Fidel<\/p>\n","protected":false},"author":1,"featured_media":0,"comment_status":"open","ping_status":"open","sticky":false,"template":"","format":"standard","meta":[],"categories":[29],"tags":[],"_links":{"self":[{"href":"https:\/\/radiosinfronteras.com\/system\/wp-json\/wp\/v2\/posts\/10"}],"collection":[{"href":"https:\/\/radiosinfronteras.com\/system\/wp-json\/wp\/v2\/posts"}],"about":[{"href":"https:\/\/radiosinfronteras.com\/system\/wp-json\/wp\/v2\/types\/post"}],"author":[{"embeddable":true,"href":"https:\/\/radiosinfronteras.com\/system\/wp-json\/wp\/v2\/users\/1"}],"replies":[{"embeddable":true,"href":"https:\/\/radiosinfronteras.com\/system\/wp-json\/wp\/v2\/comments?post=10"}],"version-history":[{"count":3,"href":"https:\/\/radiosinfronteras.com\/system\/wp-json\/wp\/v2\/posts\/10\/revisions"}],"predecessor-version":[{"id":34,"href":"https:\/\/radiosinfronteras.com\/system\/wp-json\/wp\/v2\/posts\/10\/revisions\/34"}],"wp:attachment":[{"href":"https:\/\/radiosinfronteras.com\/system\/wp-json\/wp\/v2\/media?parent=10"}],"wp:term":[{"taxonomy":"category","embeddable":true,"href":"https:\/\/radiosinfronteras.com\/system\/wp-json\/wp\/v2\/categories?post=10"},{"taxonomy":"post_tag","embeddable":true,"href":"https:\/\/radiosinfronteras.com\/system\/wp-json\/wp\/v2\/tags?post=10"}],"curies":[{"name":"wp","href":"https:\/\/api.w.org\/{rel}","templated":true}]}}