{"id":1070,"date":"2014-12-23T20:20:23","date_gmt":"2014-12-23T20:20:23","guid":{"rendered":"http:\/\/radiosinfronteras.com\/system\/?p=1070"},"modified":"2014-12-23T20:22:26","modified_gmt":"2014-12-23T20:22:26","slug":"la-capital-marcada-por-el-exodo-de-los-que-se-van-taponamientos-y-tiendas-abarrotadas-por-fiestas-navidenas","status":"publish","type":"post","link":"https:\/\/radiosinfronteras.com\/system\/la-capital-marcada-por-el-exodo-de-los-que-se-van-taponamientos-y-tiendas-abarrotadas-por-fiestas-navidenas\/","title":{"rendered":"La capital marcada por el \u00e9xodo de los que se van, taponamientos y tiendas abarrotadas por fiestas navide\u00f1as"},"content":{"rendered":"<div id=\"attachment_1071\" class=\"wp-caption alignleft\" style=\"width: 300px;\"><a rel=\"attachment wp-att-1071\" href=\"http:\/\/radiosinfronteras.com\/system\/?attachment_id=1071\"><img decoding=\"async\" loading=\"lazy\" width=\"300\" height=\"200\" class=\"size-medium wp-image-1071\" title=\"navidad\" alt=\"\" src=\"http:\/\/radiosinfronteras.com\/system\/wp-content\/uploads\/2014\/12\/navidad-300x200.jpeg\" srcset=\"https:\/\/radiosinfronteras.com\/system\/wp-content\/uploads\/2014\/12\/navidad-300x200.jpeg 300w, https:\/\/radiosinfronteras.com\/system\/wp-content\/uploads\/2014\/12\/navidad.jpeg 400w\" sizes=\"(max-width: 300px) 100vw, 300px\" \/> <\/a><\/p>\n<p class=\"wp-caption-text\">\n<\/div>\n<p>ALGUNAS PERSONAS VAN CONTENTAS A VISITAR A SUS FAMILIARES Y OTROS DICEN QUE IR\u00c1N POR TRADICI\u00d3N<br \/>\n          Coralis Orbe<\/p>\n<p>                    Santo Domingo<\/p>\n<p>\nHoy, a un d\u00eda de Nochebuena y a dos de Navidad, Santo Domingo se resume <br \/>\nen tres situaciones: se inicia el \u00e9xodo de personas que van a visitar a <br \/>\nsus familiares a distintos puntos del pa\u00eds; el taponamiento que se ha <br \/>\nvenido registrando desde principios de diciembre se ha agudizado, y los <br \/>\nsupermercados y tiendas est\u00e1n abarrotados de personas en busca de <br \/>\nalimentos y ropa.<\/p>\n<p>En las estaciones de Caribe Tours, viaja al Norte y Sur del pa\u00eds;  y la <br \/>\nparada del kil\u00f3metro 9 que va al Cibao, han empezado a llegar personas <br \/>\nque saldr\u00e1n de la capital para compartir esta fecha tan importante del <br \/>\na\u00f1o en la \u201cque todos y todas se juntan\u201d, aunque seg\u00fan choferes a <br \/>\ndiferencia de a\u00f1os anteriores no se ha notado un \u201cgran movimiento\u201d.<\/p>\n<p>\u201cAhora es que han empezado a llegar pasajeros, este a\u00f1o no pinta que <br \/>\nviajar\u00e1n mucha gente, a menos que ma\u00f1ana mejore\u201d, expresa Ernesto Fa\u00f1a, <br \/>\nde la ruta Santo Domingo-Nagua.<\/p>\n<p>Este descontento no solo lo tiene Fa\u00f1a, Juan Col\u00f3n, chofer de la ruta <br \/>\nSanto Domingo- Salcedo y Tenares, explic\u00f3 que quiz\u00e1 la poca presencia de<br \/>\n pasajeros en la terminal se debe a que es d\u00eda de semana y algunas <br \/>\nempresas trabajan hasta ma\u00f1ana al mediod\u00eda.<\/p>\n<p>\u201cPor lo general, para estas fechas doy dos viajes pero c\u00f3mo va el d\u00eda <br \/>\ncreo que solo dar\u00e9 \u00e9ste, aun me faltan muchos pasajeros\u201d, dijo Col\u00f3n <br \/>\nluego de vociferar a las personas que le cruzaban cerca hacia d\u00f3nde se <br \/>\ndirig\u00eda su autob\u00fas.<\/p>\n<p>Y mientras que la alegr\u00eda no cabe en el alma de algunos pasajeros, otros<br \/>\n dicen que van a casa de sus familiares para \u201cno perder la tradici\u00f3n\u201d.<\/p>\n<p>Altagracia Marte se iba con sus hijos hacia Cotu\u00ed, feliz de que estos <br \/>\nd\u00edas hayan llegado para descansar y pasar unos d\u00edas en familia hasta A\u00f1o<br \/>\n Nuevo.<\/p>\n<p>Angel y P\u00e9rez tambi\u00e9n iba contenta con sus dos peque\u00f1os agarrados de manos para ir a visitar a sus seres queridos a Moca.<\/p>\n<p>\u201cVoy a Nagua a pasar Nochebuena con mis hermanos, aunque la situaci\u00f3n <br \/>\necon\u00f3mica no est\u00e1 tan buena lo importante es reunirse para compartir <br \/>\nunidos. Esta es la fecha que tenemos para hacerlo\u201d, expres\u00f3 Lesdia <br \/>\nPaulino.<\/p>\n<p>Taponamientos<br \/>\nLas calles de Santo Domingo est\u00e1n intransitables. No hay hora ni lugar en la que no se observe un gran taponamiento.<\/p>\n<p>Este panorama, empezar\u00e1 a cambiar en horas de la noche de ma\u00f1ana y en <br \/>\nlos d\u00edas venideros, por la gran cantidad de personas que se trasladan <br \/>\nhacia otros puntos del pa\u00eds a visitar a familiares o para alejarse de la<br \/>\n ciudad.<\/p>\n<p>En tanto que en los supermercados las piernas de cerdo, pollos, <br \/>\ncondimentos, bebidas y frutas abundan en los carritos de quienes <br \/>\npreparan el men\u00fa de Nochebuena y quienes compran para llevarles a sus <br \/>\nfamiliares que viven en otras zonas del pa\u00eds.<\/p>\n<p><\/p>\n","protected":false},"excerpt":{"rendered":"<p>ALGUNAS PERSONAS VAN CONTENTAS A VISITAR A SUS FAMILIARES Y OTROS DICEN QUE IR\u00c1N POR TRADICI\u00d3N Coralis Orbe Santo Domingo<\/p>\n","protected":false},"author":1,"featured_media":1071,"comment_status":"closed","ping_status":"closed","sticky":false,"template":"","format":"standard","meta":[],"categories":[32],"tags":[],"_links":{"self":[{"href":"https:\/\/radiosinfronteras.com\/system\/wp-json\/wp\/v2\/posts\/1070"}],"collection":[{"href":"https:\/\/radiosinfronteras.com\/system\/wp-json\/wp\/v2\/posts"}],"about":[{"href":"https:\/\/radiosinfronteras.com\/system\/wp-json\/wp\/v2\/types\/post"}],"author":[{"embeddable":true,"href":"https:\/\/radiosinfronteras.com\/system\/wp-json\/wp\/v2\/users\/1"}],"replies":[{"embeddable":true,"href":"https:\/\/radiosinfronteras.com\/system\/wp-json\/wp\/v2\/comments?post=1070"}],"version-history":[{"count":0,"href":"https:\/\/radiosinfronteras.com\/system\/wp-json\/wp\/v2\/posts\/1070\/revisions"}],"wp:featuredmedia":[{"embeddable":true,"href":"https:\/\/radiosinfronteras.com\/system\/wp-json\/wp\/v2\/media\/1071"}],"wp:attachment":[{"href":"https:\/\/radiosinfronteras.com\/system\/wp-json\/wp\/v2\/media?parent=1070"}],"wp:term":[{"taxonomy":"category","embeddable":true,"href":"https:\/\/radiosinfronteras.com\/system\/wp-json\/wp\/v2\/categories?post=1070"},{"taxonomy":"post_tag","embeddable":true,"href":"https:\/\/radiosinfronteras.com\/system\/wp-json\/wp\/v2\/tags?post=1070"}],"curies":[{"name":"wp","href":"https:\/\/api.w.org\/{rel}","templated":true}]}}