{"id":12,"date":"2013-12-17T06:13:13","date_gmt":"2013-12-17T06:13:13","guid":{"rendered":"http:\/\/radiosinfronteras.com\/system\/?p=12"},"modified":"2014-02-17T20:44:21","modified_gmt":"2014-02-17T20:44:21","slug":"bolivia-planetario-max-schereier-satelite-tupac-katari-amplificara-la-investigacion-cientifica","status":"publish","type":"post","link":"https:\/\/radiosinfronteras.com\/system\/bolivia-planetario-max-schereier-satelite-tupac-katari-amplificara-la-investigacion-cientifica\/","title":{"rendered":"BOLIVIA: Planetario Max Schereier: sat\u00e9lite T\u00fapac Katari amplificar\u00e1 la investigaci\u00f3n cient\u00edfica"},"content":{"rendered":"<p><span><a href=\"http:\/\/radiosinfronteras.com\/system\/wp-content\/uploads\/2013\/12\/satelite-boliviano1.jpg\"><img decoding=\"async\" loading=\"lazy\" class=\"size-medium wp-image-37 alignleft\" alt=\"satelite-boliviano1\" src=\"http:\/\/radiosinfronteras.com\/system\/wp-content\/uploads\/2013\/12\/satelite-boliviano1-300x222.jpg\" width=\"300\" height=\"222\" srcset=\"https:\/\/radiosinfronteras.com\/system\/wp-content\/uploads\/2013\/12\/satelite-boliviano1-300x222.jpg 300w, https:\/\/radiosinfronteras.com\/system\/wp-content\/uploads\/2013\/12\/satelite-boliviano1.jpg 350w\" sizes=\"(max-width: 300px) 100vw, 300px\" \/><\/a>La Paz, 16 dic (ABI).- A cuatro d\u00edas de la puesta en \u00f3rbita del sat\u00e9lite boliviano de comunicaciones T\u00fapac Katari, el director del Planetario Max Schereier de la Universidad Mayor de San Andr\u00e9s (UMSA) de La Paz, Mirko Raljevic, afirm\u00f3 el lunes que ese aparato amplificar\u00e1 el desarrollo tecnol\u00f3gico del pa\u00eds, a trav\u00e9s de la investigaci\u00f3n cient\u00edfica que -a su juicio-mejorar\u00e1 progresivamente la adaptaci\u00f3n a nuevos sistemas y dispositivos electr\u00f3nicos de \u00faltima data.<\/span><\/p>\n<p>&#8216;Tendremos una herramienta que nos puede ser muy \u00fatil, ya la gente ver\u00e1 con otros ojos, todo lo que es la investigaci\u00f3n, la ciencia y la tecnolog\u00eda, porque a la larga, el fin \u00faltimo, es desarrollar la ciencia y la tecnolog\u00eda para el mejoramiento de las cosas&#8217;, declar\u00f3 a la agencia ABI.<\/p>\n<p>Actualmente, seg\u00fan Raljevic, el pa\u00eds a\u00fan no es consciente de la importancia que juegan las nuevas tecnolog\u00edas, entre ellas la espacial, en la democratizaci\u00f3n de la comunicaci\u00f3n e informaci\u00f3n.<\/p>\n<p>&#8216;Nosotros no nos damos cuenta de toda la tecnolog\u00eda espacial que usamos d\u00eda a d\u00eda, desde simples materiales, aplicaciones, vemos materiales m\u00e1s ligeros, electr\u00f3nica o computaci\u00f3n&#8217;, complement\u00f3.<\/p>\n<p>Para el Director del Planetario Max Schereier, formar profesionales bolivianos en tecnolog\u00eda espacial, becados en China, fue un acierto que permitir\u00e1, &#8216;a la larga&#8217;, crear institutos de capacitaci\u00f3n que inyectar\u00e1n al pa\u00eds m\u00e1s recursos humanos especialistas en la materia.<\/p>\n<p>&#8216;La gente tiene que estar muy calificada, con un grupo de gente bien calificada, hay pa\u00edses que se han formado institutos de capacitaci\u00f3n y se han vuelto aut\u00f3nomos para calificar en \u00e1reas muy especializadas&#8217;, remarc\u00f3.<\/p>\n<p>Seg\u00fan fuentes oficiales, el sat\u00e9lite T\u00fapac Katari ser\u00e1 lanzado al espacio el pr\u00f3ximo 20 de diciembre, desde el centro espacial de Xichang, en China, acto en el que se confirm\u00f3 la presencia del presidente boliviano Evo Morales.<br \/>\nmcr\/ma\u00a0\u00a0\u00a0\u00a0\u00a0\u00a0\u00a0\u00a0\u00a0\u00a0\u00a0\u00a0\u00a0\u00a0\u00a0\u00a0\u00a0\u00a0\u00a0\u00a0\u00a0 ABI<\/p>\n","protected":false},"excerpt":{"rendered":"<p>La Paz, 16 dic (ABI).- A cuatro d\u00edas de la puesta en \u00f3rbita del sat\u00e9lite boliviano de comunicaciones T\u00fapac Katari,<\/p>\n","protected":false},"author":1,"featured_media":0,"comment_status":"open","ping_status":"open","sticky":false,"template":"","format":"standard","meta":[],"categories":[13],"tags":[],"_links":{"self":[{"href":"https:\/\/radiosinfronteras.com\/system\/wp-json\/wp\/v2\/posts\/12"}],"collection":[{"href":"https:\/\/radiosinfronteras.com\/system\/wp-json\/wp\/v2\/posts"}],"about":[{"href":"https:\/\/radiosinfronteras.com\/system\/wp-json\/wp\/v2\/types\/post"}],"author":[{"embeddable":true,"href":"https:\/\/radiosinfronteras.com\/system\/wp-json\/wp\/v2\/users\/1"}],"replies":[{"embeddable":true,"href":"https:\/\/radiosinfronteras.com\/system\/wp-json\/wp\/v2\/comments?post=12"}],"version-history":[{"count":4,"href":"https:\/\/radiosinfronteras.com\/system\/wp-json\/wp\/v2\/posts\/12\/revisions"}],"predecessor-version":[{"id":38,"href":"https:\/\/radiosinfronteras.com\/system\/wp-json\/wp\/v2\/posts\/12\/revisions\/38"}],"wp:attachment":[{"href":"https:\/\/radiosinfronteras.com\/system\/wp-json\/wp\/v2\/media?parent=12"}],"wp:term":[{"taxonomy":"category","embeddable":true,"href":"https:\/\/radiosinfronteras.com\/system\/wp-json\/wp\/v2\/categories?post=12"},{"taxonomy":"post_tag","embeddable":true,"href":"https:\/\/radiosinfronteras.com\/system\/wp-json\/wp\/v2\/tags?post=12"}],"curies":[{"name":"wp","href":"https:\/\/api.w.org\/{rel}","templated":true}]}}