{"id":1202,"date":"2015-03-05T21:37:25","date_gmt":"2015-03-05T21:37:25","guid":{"rendered":"http:\/\/radiosinfronteras.com\/system\/?p=1202"},"modified":"2015-03-05T21:41:15","modified_gmt":"2015-03-05T21:41:15","slug":"brutal-agresion-al-embajador-de-estados-unidos-en-corea","status":"publish","type":"post","link":"https:\/\/radiosinfronteras.com\/system\/brutal-agresion-al-embajador-de-estados-unidos-en-corea\/","title":{"rendered":"Brutal agresi\u00f3n al embajador de Estados Unidos en Corea"},"content":{"rendered":"<div id=\"attachment_1203\" class=\"wp-caption alignleft\" style=\"width: 300px;\"><a rel=\"attachment wp-att-1203\" href=\"http:\/\/radiosinfronteras.com\/system\/?attachment_id=1203\"><img decoding=\"async\" loading=\"lazy\" width=\"300\" height=\"206\" class=\"size-medium wp-image-1203\" title=\"aaaaaaaaaaaaaaaaaaaaaaaaaaatajo\" alt=\"\" src=\"http:\/\/radiosinfronteras.com\/system\/wp-content\/uploads\/2015\/03\/aaaaaaaaaaaaaaaaaaaaaaaaaaatajo-300x206.jpg\" srcset=\"https:\/\/radiosinfronteras.com\/system\/wp-content\/uploads\/2015\/03\/aaaaaaaaaaaaaaaaaaaaaaaaaaatajo-300x206.jpg 300w, https:\/\/radiosinfronteras.com\/system\/wp-content\/uploads\/2015\/03\/aaaaaaaaaaaaaaaaaaaaaaaaaaatajo.jpg 400w\" sizes=\"(max-width: 300px) 100vw, 300px\" \/> <\/a><\/p>\n<p class=\"wp-caption-text\">\n<\/div>\n<p>Un manifestante le realiz\u00f3 un enorme tajo en <br \/>\nla cara mientras participaba en una reuni\u00f3n de trabajo en el Instituto <br \/>\nCultural Sejong.El embajador de Estados Unidos en Corea del Sur, Mark Lippert, fue herido ayer en Se\u00fal por un hombre con una navaja informaron la polic\u00eda y la televisi\u00f3n.<\/p>\n<p>El canal de informaci\u00f3n YTN, citando fuentes policiales y a testigos, indic\u00f3 que un hombre atac\u00f3 a Mark Lippert con<br \/>\n una navaja escondida en la mano derecha cuando participaba en una <br \/>\nreuni\u00f3n en torno a un desayuno en el c\u00e9ntrico Instituto Cultural Sejong.<\/p>\n<p>Im\u00e1genes grabadas inmediatamente despu\u00e9s del ataque mostraban al <br \/>\nembajador siendo desalojado del inmueble, con una mano en la mejilla <br \/>\nderecha ensangrentada y la otra mano manchada de sangre.<\/p>\n<p>Lippert, de 42 a\u00f1os, fue subido a un veh\u00edculo policial y transportado<br \/>\n al hospital. Se encontraba \u201cestable\u201d, seg\u00fan un portavoz de la embajada.<\/p>\n<p>Los miembros de los servicios de seguridad y los polic\u00edas se precipitaron sobre el atacante, que llevaba atuendo coreano tradicional y grit\u00f3 un eslogan contra la guerra cuando atac\u00f3 al diplom\u00e1tico.<\/p>\n<p>Estados Unidos y Corea del Sur realizaron ejercicios militares <br \/>\nconjuntos esta semana, lo que aument\u00f3 la tensi\u00f3n con Corea del Norte.<\/p>\n<p>Cerca de 30 mil soldados estadunidenses est\u00e1n presentes en Corea del <br \/>\nSur de forma permanente y Estados Unidos asumir\u00eda el mando operacional <br \/>\nen caso de un conflicto armado contra Corea del Norte.<\/p>\n<p>Lippert, exasistente de la Secretar\u00eda de Defensa para Asuntos Asi\u00e1ticos, asumi\u00f3 el cargo en Se\u00fal el pasado mes de octubre.<\/p>\n<p>Seg\u00fan informaciones difundidas por la televisi\u00f3n, el asaltante es conocido de los servicios policiales y<br \/>\n hab\u00eda atacado en 2010 al entonces embajador de Jap\u00f3n en Se\u00fal. La <br \/>\ntelevisora YTN TV report\u00f3 que el hombre grit\u00f3 \u201cCorea del Norte y del Sur<br \/>\n deben unificarse\u201d.<\/p>\n","protected":false},"excerpt":{"rendered":"<p>Un manifestante le realiz\u00f3 un enorme tajo en la cara mientras participaba en una reuni\u00f3n de trabajo en el Instituto<\/p>\n","protected":false},"author":1,"featured_media":1203,"comment_status":"closed","ping_status":"closed","sticky":false,"template":"","format":"standard","meta":[],"categories":[13],"tags":[],"_links":{"self":[{"href":"https:\/\/radiosinfronteras.com\/system\/wp-json\/wp\/v2\/posts\/1202"}],"collection":[{"href":"https:\/\/radiosinfronteras.com\/system\/wp-json\/wp\/v2\/posts"}],"about":[{"href":"https:\/\/radiosinfronteras.com\/system\/wp-json\/wp\/v2\/types\/post"}],"author":[{"embeddable":true,"href":"https:\/\/radiosinfronteras.com\/system\/wp-json\/wp\/v2\/users\/1"}],"replies":[{"embeddable":true,"href":"https:\/\/radiosinfronteras.com\/system\/wp-json\/wp\/v2\/comments?post=1202"}],"version-history":[{"count":0,"href":"https:\/\/radiosinfronteras.com\/system\/wp-json\/wp\/v2\/posts\/1202\/revisions"}],"wp:featuredmedia":[{"embeddable":true,"href":"https:\/\/radiosinfronteras.com\/system\/wp-json\/wp\/v2\/media\/1203"}],"wp:attachment":[{"href":"https:\/\/radiosinfronteras.com\/system\/wp-json\/wp\/v2\/media?parent=1202"}],"wp:term":[{"taxonomy":"category","embeddable":true,"href":"https:\/\/radiosinfronteras.com\/system\/wp-json\/wp\/v2\/categories?post=1202"},{"taxonomy":"post_tag","embeddable":true,"href":"https:\/\/radiosinfronteras.com\/system\/wp-json\/wp\/v2\/tags?post=1202"}],"curies":[{"name":"wp","href":"https:\/\/api.w.org\/{rel}","templated":true}]}}