{"id":1231,"date":"2015-04-13T03:19:02","date_gmt":"2015-04-13T03:19:02","guid":{"rendered":"http:\/\/radiosinfronteras.com\/system\/?p=1231"},"modified":"2015-04-13T03:29:07","modified_gmt":"2015-04-13T03:29:07","slug":"de-azua-para-el-mundo-francisca-lachapel-es-la-nueva-reina-de-nuestra-belleza-latina","status":"publish","type":"post","link":"https:\/\/radiosinfronteras.com\/system\/de-azua-para-el-mundo-francisca-lachapel-es-la-nueva-reina-de-nuestra-belleza-latina\/","title":{"rendered":"De Azua para el mundo. Francisca Lachapel es la nueva reina de Nuestra Belleza Latina"},"content":{"rendered":"<div id=\"attachment_1232\" class=\"wp-caption alignleft\" style=\"width: 300px;\"><a rel=\"attachment wp-att-1232\" href=\"http:\/\/radiosinfronteras.com\/system\/?attachment_id=1232\"><img decoding=\"async\" loading=\"lazy\" width=\"300\" height=\"200\" class=\"size-medium wp-image-1232\" title=\"francisca\" alt=\"\" src=\"http:\/\/radiosinfronteras.com\/system\/wp-content\/uploads\/2015\/04\/francisca-300x200.jpg\" srcset=\"https:\/\/radiosinfronteras.com\/system\/wp-content\/uploads\/2015\/04\/francisca-300x200.jpg 300w, https:\/\/radiosinfronteras.com\/system\/wp-content\/uploads\/2015\/04\/francisca.jpg 400w\" sizes=\"(max-width: 300px) 100vw, 300px\" \/> <\/a><\/p>\n<p class=\"wp-caption-text\">\n<\/div>\n<p>\n\t\t\t\t\t\t\t\t\t\u00a1Ya tenemos reina! Despu\u00e9s de 13 <br \/>\nsemanas de intensa competencia, la dominicana Francisca Lachapel orgullo de Azua de Compostela se <br \/>\nconvirti\u00f3 en la nueva reina de Nuestra Belleza Latina.<br \/>\n Francisca logr\u00f3 coronarse como la m\u00e1s bella y talentosa de todas las <br \/>\nchicas al obtener la mayor\u00eda de los votos y a la aprobaci\u00f3n de los <br \/>\njueces.<\/p>\n<p>\t\t\t\t\t\t\t\t\tUna \u00faltima gala que tuvo una lluvia<br \/>\n de estrellas con Paulina Rubio, Ricky Martin, Prince Royce, Espinoza <br \/>\nPaz y JAlvarez. Adem\u00e1s, Aleyda Ortiz impact\u00f3 con un n\u00famero musical que <br \/>\nnos dej\u00f3 boquiabiertos y hasta Osmel hizo entrada triunfal como toda la <br \/>\nrealeza que es. <\/p>\n<p>\t\t\t\t\t\t\t\t\tRompiendo todos los est\u00e1ndares de <br \/>\nla belleza, nuestra querida dominicana nos dej\u00f3 claro que la belleza no <br \/>\nes s\u00f3lo externa. Con su personaje de Mela, La Melaza, Francisca nos <br \/>\nenamor\u00f3 desde las audiciones. Francisca no la tuvo f\u00e1cil pues sus ra\u00edces<br \/>\n humildes la convirtieron en una mujer guerrera y ahora es la digna <br \/>\nrepresentante de la mujer hispana.<\/p>\n<p>\t\t\t\t\t\t\t\t\tFrancisca se hizo acreedora de 200 <br \/>\nmil d\u00f3lares en premios, un contrato exclusivo con Univision, un auto <br \/>\nnuevo gracias a Kia y pertenecer\u00e1 a la exclusiva lista de \u201cLos 50 m\u00e1s <br \/>\nbellos\u201d de la revista People en Espa\u00f1ol.<\/p>\n<p>\t\t\t\t\t\t\t\t\tA pesar del avasallante apoyo que <br \/>\nobtuvo en redes sociales,  la hondure\u00f1a Nathalia Casco no logr\u00f3 ser <br \/>\ncoronada como la nueva Belleza Latina y s\u00f3lo obtuvo el puesto de primera<br \/>\n finalista. <\/p>\n<p>\t\t\t\t\t\t\t\t\tLa boricua Catherine Castro qued\u00f3 <br \/>\nde segunda finalista. Pero Catherine no se va con las manos vac\u00edas pues <br \/>\nse gan\u00f3 la beca del CEA de Televisa en M\u00e9xico para estudiar actuaci\u00f3n. <br \/>\nLa gran sorpresa de la noche, sin duda, fue el tercer puesto para <br \/>\nClarissa Molina.<\/p>\n<p>\t\t\t\t\t\t\t\u00a9Univision.com<\/p>\n","protected":false},"excerpt":{"rendered":"<p>\u00a1Ya tenemos reina! Despu\u00e9s de 13 semanas de intensa competencia, la dominicana Francisca Lachapel orgullo de Azua de Compostela se<\/p>\n","protected":false},"author":1,"featured_media":1232,"comment_status":"closed","ping_status":"closed","sticky":false,"template":"","format":"standard","meta":[],"categories":[24],"tags":[],"_links":{"self":[{"href":"https:\/\/radiosinfronteras.com\/system\/wp-json\/wp\/v2\/posts\/1231"}],"collection":[{"href":"https:\/\/radiosinfronteras.com\/system\/wp-json\/wp\/v2\/posts"}],"about":[{"href":"https:\/\/radiosinfronteras.com\/system\/wp-json\/wp\/v2\/types\/post"}],"author":[{"embeddable":true,"href":"https:\/\/radiosinfronteras.com\/system\/wp-json\/wp\/v2\/users\/1"}],"replies":[{"embeddable":true,"href":"https:\/\/radiosinfronteras.com\/system\/wp-json\/wp\/v2\/comments?post=1231"}],"version-history":[{"count":0,"href":"https:\/\/radiosinfronteras.com\/system\/wp-json\/wp\/v2\/posts\/1231\/revisions"}],"wp:featuredmedia":[{"embeddable":true,"href":"https:\/\/radiosinfronteras.com\/system\/wp-json\/wp\/v2\/media\/1232"}],"wp:attachment":[{"href":"https:\/\/radiosinfronteras.com\/system\/wp-json\/wp\/v2\/media?parent=1231"}],"wp:term":[{"taxonomy":"category","embeddable":true,"href":"https:\/\/radiosinfronteras.com\/system\/wp-json\/wp\/v2\/categories?post=1231"},{"taxonomy":"post_tag","embeddable":true,"href":"https:\/\/radiosinfronteras.com\/system\/wp-json\/wp\/v2\/tags?post=1231"}],"curies":[{"name":"wp","href":"https:\/\/api.w.org\/{rel}","templated":true}]}}