{"id":1235,"date":"2015-04-20T18:54:39","date_gmt":"2015-04-20T18:54:39","guid":{"rendered":"http:\/\/radiosinfronteras.com\/system\/?p=1235"},"modified":"2015-04-20T19:01:21","modified_gmt":"2015-04-20T19:01:21","slug":"gobernador-de-nueva-york-llega-a-cuba-para-asistir-al-inicio-de-la-aventura","status":"publish","type":"post","link":"https:\/\/radiosinfronteras.com\/system\/gobernador-de-nueva-york-llega-a-cuba-para-asistir-al-inicio-de-la-aventura\/","title":{"rendered":"Gobernador de Nueva York llega a Cuba para asistir al &#8220;inicio de la aventura&#8221;"},"content":{"rendered":"<div id=\"attachment_1236\" class=\"wp-caption alignleft\" style=\"width: 300px;\"><a rel=\"attachment wp-att-1236\" href=\"http:\/\/radiosinfronteras.com\/system\/?attachment_id=1236\"><img decoding=\"async\" loading=\"lazy\" width=\"300\" height=\"200\" class=\"size-medium wp-image-1236\" title=\"gobernador\" alt=\"\" src=\"http:\/\/radiosinfronteras.com\/system\/wp-content\/uploads\/2015\/04\/gobernador-300x200.jpg\" srcset=\"https:\/\/radiosinfronteras.com\/system\/wp-content\/uploads\/2015\/04\/gobernador-300x200.jpg 300w, https:\/\/radiosinfronteras.com\/system\/wp-content\/uploads\/2015\/04\/gobernador.jpg 400w\" sizes=\"(max-width: 300px) 100vw, 300px\" \/> <\/a><\/p>\n<p class=\"wp-caption-text\">\n<\/div>\n<p>LA HABANA.- El gobernador de Nueva York, Andrew Cuomo, <br \/>\nlleg\u00f3 hoy a Cuba encabezando una importante misi\u00f3n comercial dentro del <br \/>\nproceso del restablecimiento de las relaciones entre la isla y EE.UU. y <br \/>\ndijo a Efe que su estado quiere &#8220;estar presente&#8221; en La Habana &#8220;desde el <br \/>\ninicio de la aventura&#8221;.<\/p>\n<p>&#8220;Estamos asistiendo al comienzo de la <br \/>\ntransici\u00f3n en la relaci\u00f3n entre los dos pa\u00edses, que va a tener <br \/>\nbeneficios econ\u00f3micos significativos para las dos partes&#8221;, se\u00f1al\u00f3 en <br \/>\ndeclaraciones a Efe a su llegada al aeropuerto de La Habana, donde fue <br \/>\nrecibido por la directora para EE.UU. de la Canciller\u00eda cubana, Josefina<br \/>\n Vidal.<\/p>\n<p>Cuomo encabeza una delegaci\u00f3n empresarial en la que <br \/>\nfiguran responsables de grandes compa\u00f1\u00edas estadounidenses como <br \/>\nMastercard, la aerol\u00ednea JetBlue o la farmac\u00e9utica Pfizer, interesadas <br \/>\nen hacer negocios en la isla.<\/p>\n<p>El gobernador destac\u00f3 que el <br \/>\nprop\u00f3sito de su visita es trabajar para &#8220;construir una relaci\u00f3n entre la<br \/>\n comunidad empresarial de Nueva York y la de Cuba&#8221;, ya que est\u00e1n &#8220;muy <br \/>\nemocionados con lo que los presidentes Ra\u00fal Castro y Barack Obama <br \/>\niniciaron&#8221; el pasado 17 de diciembre, cuando anunciaron el <br \/>\nrestablecimiento de relaciones diplom\u00e1ticas entre ambos pa\u00edses, rotas <br \/>\ndesde 1961.<\/p>\n<p>El primer punto en la intensa agenda de la delegaci\u00f3n<br \/>\n es un almuerzo de trabajo con el ministro cubano de Comercio Exterior e<br \/>\n Inversi\u00f3n Extranjera, Rodrigo Malmierca, y a lo largo del d\u00eda tambi\u00e9n <br \/>\nse entrevistar\u00e1n con el &#8220;n\u00famero dos&#8221; del Gobierno, el primer <br \/>\nvicepresidente Miguel D\u00edaz-Canel, y el cardenal Jaime Ortega, m\u00e1ximo <br \/>\nrepresentante de la Iglesia cat\u00f3lica en la isla.<\/p>\n<p>La misi\u00f3n <br \/>\ncomercial lleg\u00f3 a Cuba en un vuelo &#8220;charter&#8221; fletado por la aerol\u00ednea <br \/>\nJetBlue, que fue una de las primeras en manifestar su inter\u00e9s en operar <br \/>\nvuelos directos a la isla desde diversas ciudades estadounidenses desde <br \/>\nel reinicio de los v\u00ednculos diplom\u00e1ticos entre los dos pa\u00edses.<\/p>\n<p>El<br \/>\n consejero delegado de la aerol\u00ednea, Robin Hayes, integra la delegaci\u00f3n,<br \/>\n en la que tambi\u00e9n destacan el vicepresidente de la compa\u00f1\u00eda de tarjetas<br \/>\n de cr\u00e9dito MasterCard, Walt M. Macnee, o la vicepresidenta de la <br \/>\nfarmac\u00e9utica Pfizer, Freda Lewis-Hall.<\/p>\n<p>Adem\u00e1s, estar\u00e1n <br \/>\nrepresentadas en Cuba otras compa\u00f1\u00edas como la tecnol\u00f3gica Infor, la <br \/>\nfarmac\u00e9utica Regeneron, el fabricante de yogures Chobani y responsables <br \/>\naeropuerto internacional de Plattsburgh.<\/p>\n<p>La delegaci\u00f3n la <br \/>\nintegran tambi\u00e9n responsables de instituciones como el Centro de <br \/>\nInvestigaci\u00f3n del Genoma o la Universidad Estatal de Nueva York (NYU); <br \/>\nadem\u00e1s de varios representantes pol\u00edticos del estado, como el presidente<br \/>\n de la Asamblea, Carl Heastie. EFE \t\t \t   \t\t  <\/p>\n","protected":false},"excerpt":{"rendered":"<p>LA HABANA.- El gobernador de Nueva York, Andrew Cuomo, lleg\u00f3 hoy a Cuba encabezando una importante misi\u00f3n comercial dentro del<\/p>\n","protected":false},"author":1,"featured_media":1236,"comment_status":"closed","ping_status":"closed","sticky":false,"template":"","format":"standard","meta":[],"categories":[29],"tags":[],"_links":{"self":[{"href":"https:\/\/radiosinfronteras.com\/system\/wp-json\/wp\/v2\/posts\/1235"}],"collection":[{"href":"https:\/\/radiosinfronteras.com\/system\/wp-json\/wp\/v2\/posts"}],"about":[{"href":"https:\/\/radiosinfronteras.com\/system\/wp-json\/wp\/v2\/types\/post"}],"author":[{"embeddable":true,"href":"https:\/\/radiosinfronteras.com\/system\/wp-json\/wp\/v2\/users\/1"}],"replies":[{"embeddable":true,"href":"https:\/\/radiosinfronteras.com\/system\/wp-json\/wp\/v2\/comments?post=1235"}],"version-history":[{"count":0,"href":"https:\/\/radiosinfronteras.com\/system\/wp-json\/wp\/v2\/posts\/1235\/revisions"}],"wp:featuredmedia":[{"embeddable":true,"href":"https:\/\/radiosinfronteras.com\/system\/wp-json\/wp\/v2\/media\/1236"}],"wp:attachment":[{"href":"https:\/\/radiosinfronteras.com\/system\/wp-json\/wp\/v2\/media?parent=1235"}],"wp:term":[{"taxonomy":"category","embeddable":true,"href":"https:\/\/radiosinfronteras.com\/system\/wp-json\/wp\/v2\/categories?post=1235"},{"taxonomy":"post_tag","embeddable":true,"href":"https:\/\/radiosinfronteras.com\/system\/wp-json\/wp\/v2\/tags?post=1235"}],"curies":[{"name":"wp","href":"https:\/\/api.w.org\/{rel}","templated":true}]}}