{"id":1237,"date":"2015-04-20T19:15:06","date_gmt":"2015-04-20T19:15:06","guid":{"rendered":"http:\/\/radiosinfronteras.com\/system\/?p=1237"},"modified":"2015-04-20T19:26:37","modified_gmt":"2015-04-20T19:26:37","slug":"comenzaran-a-trabajar-manana-el-proyecto-de-ley-que-busca-la-reeleccion-presidencial","status":"publish","type":"post","link":"https:\/\/radiosinfronteras.com\/system\/comenzaran-a-trabajar-manana-el-proyecto-de-ley-que-busca-la-reeleccion-presidencial\/","title":{"rendered":"Comenzar\u00e1n a trabajar ma\u00f1ana el proyecto de ley que busca la reelecci\u00f3n presidencial"},"content":{"rendered":"<div id=\"attachment_1238\" class=\"wp-caption alignleft\" style=\"width: 300px;\"><a rel=\"attachment wp-att-1238\" href=\"http:\/\/radiosinfronteras.com\/system\/?attachment_id=1238\"><img decoding=\"async\" loading=\"lazy\" width=\"300\" height=\"200\" class=\"size-medium wp-image-1238\" title=\"pld\" alt=\"\" src=\"http:\/\/radiosinfronteras.com\/system\/wp-content\/uploads\/2015\/04\/pld-300x200.jpeg\" srcset=\"https:\/\/radiosinfronteras.com\/system\/wp-content\/uploads\/2015\/04\/pld-300x200.jpeg 300w, https:\/\/radiosinfronteras.com\/system\/wp-content\/uploads\/2015\/04\/pld.jpeg 400w\" sizes=\"(max-width: 300px) 100vw, 300px\" \/> <\/a><\/p>\n<p class=\"wp-caption-text\">\n<\/div>\n<p>LA INFORMACI\u00d3N FUE DADA POR CRISTINA LIZARDO, PRESIDENTA DEL SENADO DE LA REP\u00daBLICA<\/p>\n<p>Juan Eduardo Thomas<\/p>\n<p>                    Santo Domingo<\/p>\n<p>\nLa comisi\u00f3n del Comit\u00e9 Pol\u00edtico del Partido de la Liberaci\u00f3n Dominicana <br \/>\n(PLD) que redactar\u00e1 el proyecto de reforma constitucional para permitir <br \/>\nla reelecci\u00f3n presidencial comenzar\u00e1 sus trabajos ma\u00f1ana, seg\u00fan <br \/>\ninformara Cristina Lizardo, presidenta del Senado de la Rep\u00fablica.<\/p>\n<p>Lizardo explic\u00f3 que todav\u00eda no tienen hora ni lugar para la reuni\u00f3n pero<br \/>\n se comprometi\u00f3 a informarlo con tiempo para facilitar la cobertura <br \/>\nperiod\u00edstica al proceso de reforma constitucional.<\/p>\n<p>Ayer el Comit\u00e9 Pol\u00edtico del PLD aprob\u00f3 comenzar un proceso de reforma <br \/>\nconstitucional para permitirle al presidente Danilo Medina optar por un <br \/>\nsegundo mandato consecutivo, con la reinstauraci\u00f3n del modelo <br \/>\npresidencial estadounidense, que permite una reelecci\u00f3n presidencial al <br \/>\nmandatario en ejercicio y nunca m\u00e1s.<\/p>\n<p>La comisi\u00f3n del Comit\u00e9 Pol\u00edtico la integran Reinaldo Pared P\u00e9rez, <br \/>\nsecretario general del PLD, quien coordinar\u00e1 los trabajos, el ex <br \/>\nvicepresidente Rafael Alburquerque, los presidentes del Senado y la <br \/>\nC\u00e1mara de Diputados, Cristina Lizardo y Abel Mart\u00ednez.<\/p>\n<p>Adem\u00e1s Lidio Cadet, Radhamez Camacho, Mirian Cabral y Cesar Pina Toribio<\/p>\n<p>Diputados<br \/>\nLa presidenta del Senado tambi\u00e9n se refiri\u00f3 al anuncio <br \/>\nque hizo un grupo de diputados de su organizaci\u00f3n de que no apoyar\u00e1n una<br \/>\n reforma a la Constituci\u00f3n es una reacci\u00f3n normal. Dijo que el PLD <br \/>\ncontinuamente ha dado muestras de disciplina y que en todos siempre <br \/>\nprima la unidad del partido.<br \/>\n\u201cEs de esperarse, esa reacci\u00f3n es <br \/>\nnormal de los compa\u00f1eros que hoy hicieron la rueda de prensa. Vamos a <br \/>\nestudiar cualquier posibilidad que confirme y consolide la unidad del <br \/>\nPLD\u201d.<\/p>\n<p><\/p>\n","protected":false},"excerpt":{"rendered":"<p>LA INFORMACI\u00d3N FUE DADA POR CRISTINA LIZARDO, PRESIDENTA DEL SENADO DE LA REP\u00daBLICA Juan Eduardo Thomas Santo Domingo La comisi\u00f3n<\/p>\n","protected":false},"author":1,"featured_media":1238,"comment_status":"closed","ping_status":"closed","sticky":false,"template":"","format":"standard","meta":[],"categories":[32],"tags":[],"_links":{"self":[{"href":"https:\/\/radiosinfronteras.com\/system\/wp-json\/wp\/v2\/posts\/1237"}],"collection":[{"href":"https:\/\/radiosinfronteras.com\/system\/wp-json\/wp\/v2\/posts"}],"about":[{"href":"https:\/\/radiosinfronteras.com\/system\/wp-json\/wp\/v2\/types\/post"}],"author":[{"embeddable":true,"href":"https:\/\/radiosinfronteras.com\/system\/wp-json\/wp\/v2\/users\/1"}],"replies":[{"embeddable":true,"href":"https:\/\/radiosinfronteras.com\/system\/wp-json\/wp\/v2\/comments?post=1237"}],"version-history":[{"count":0,"href":"https:\/\/radiosinfronteras.com\/system\/wp-json\/wp\/v2\/posts\/1237\/revisions"}],"wp:featuredmedia":[{"embeddable":true,"href":"https:\/\/radiosinfronteras.com\/system\/wp-json\/wp\/v2\/media\/1238"}],"wp:attachment":[{"href":"https:\/\/radiosinfronteras.com\/system\/wp-json\/wp\/v2\/media?parent=1237"}],"wp:term":[{"taxonomy":"category","embeddable":true,"href":"https:\/\/radiosinfronteras.com\/system\/wp-json\/wp\/v2\/categories?post=1237"},{"taxonomy":"post_tag","embeddable":true,"href":"https:\/\/radiosinfronteras.com\/system\/wp-json\/wp\/v2\/tags?post=1237"}],"curies":[{"name":"wp","href":"https:\/\/api.w.org\/{rel}","templated":true}]}}