{"id":130,"date":"2014-01-29T00:00:15","date_gmt":"2014-01-29T00:00:15","guid":{"rendered":"http:\/\/radiosinfronteras.com\/system\/?p=130"},"modified":"2014-01-29T00:00:15","modified_gmt":"2014-01-29T00:00:15","slug":"el-cirujano-que-le-devolvio-la-cara-a-los-heridos-en-las-trincheras","status":"publish","type":"post","link":"https:\/\/radiosinfronteras.com\/system\/el-cirujano-que-le-devolvio-la-cara-a-los-heridos-en-las-trincheras\/","title":{"rendered":"El cirujano que le devolvi\u00f3 la cara a los heridos en las trincheras"},"content":{"rendered":"<p><img decoding=\"async\" loading=\"lazy\" class=\"alignleft size-full wp-image-131\" alt=\"docs\" src=\"http:\/\/radiosinfronteras.com\/system\/wp-content\/uploads\/2014\/01\/docs.jpg\" width=\"304\" height=\"171\" srcset=\"https:\/\/radiosinfronteras.com\/system\/wp-content\/uploads\/2014\/01\/docs.jpg 304w, https:\/\/radiosinfronteras.com\/system\/wp-content\/uploads\/2014\/01\/docs-300x168.jpg 300w\" sizes=\"(max-width: 304px) 100vw, 304px\" \/>La mayor causa de muerte en el campo de batalla durante la Primera Guerra Mundial era el impacto de las innumerables esquirlas met\u00e1licas que desped\u00edan las bombas al explotar. \u00c9stas tambi\u00e9n causaban las peores heridas faciales.<\/p>\n<p><em><strong>(Advertimos que en el cuerpo de esta nota se encuentran fotos de reconstrucciones de rostros que pueden resultar impactantes para la audiencia).<\/strong><\/em><\/p>\n<p>A diferencia de una herida &#8220;limpia&#8221; producida por un balazo, las esquirlas de metal retorcido, tambi\u00e9n conocidas como metralla, pod\u00edan arrancarle la cara a un soldado.<\/p>\n<p>Para colmo de males, por su forma irregular, las esquirlas frecuentemente incrustaban trozos de vestidura y suciedad en las heridas. El desarrollo de los cuidados m\u00e9dicos signific\u00f3 que m\u00e1s soldados heridos pod\u00edan mantenerse con vida pero la atenci\u00f3n urgente de sus devastadoras lesiones present\u00f3 un nuevo desaf\u00edo.<\/p>\n<p>Harold Gillies fue el hombre encargado por el ej\u00e9rcito brit\u00e1nico para reparar los rostros desfigurados.<\/p>\n<p>Nacido en Nueva Zelanda, estudi\u00f3 medicina en la Universidad de Cambridge antes de vincularse al Cuerpo M\u00e9dico del Ej\u00e9rcito Brit\u00e1nico al inicio de la guerra.<\/p>\n<p>Gillies qued\u00f3 impactado con las heridas que vio en el campo de batalla y pidi\u00f3 que el ej\u00e9rcito le proveyera su propia unidad de cirug\u00eda pl\u00e1stica.<\/p>\n<p>Poco despu\u00e9s se instal\u00f3 en un hospital especializado en la localidad de Sidcup, en el este de Londres, donde empez\u00f3 atendiendo a 2.000 pacientes de la sangrienta batalla de Somme. En este lugar, Gillies obtuvo algunos de sus mejores resultados.<\/p>\n","protected":false},"excerpt":{"rendered":"<p>La mayor causa de muerte en el campo de batalla durante la Primera Guerra Mundial era el impacto de las<\/p>\n","protected":false},"author":1,"featured_media":0,"comment_status":"open","ping_status":"open","sticky":false,"template":"","format":"standard","meta":[],"categories":[8],"tags":[],"_links":{"self":[{"href":"https:\/\/radiosinfronteras.com\/system\/wp-json\/wp\/v2\/posts\/130"}],"collection":[{"href":"https:\/\/radiosinfronteras.com\/system\/wp-json\/wp\/v2\/posts"}],"about":[{"href":"https:\/\/radiosinfronteras.com\/system\/wp-json\/wp\/v2\/types\/post"}],"author":[{"embeddable":true,"href":"https:\/\/radiosinfronteras.com\/system\/wp-json\/wp\/v2\/users\/1"}],"replies":[{"embeddable":true,"href":"https:\/\/radiosinfronteras.com\/system\/wp-json\/wp\/v2\/comments?post=130"}],"version-history":[{"count":1,"href":"https:\/\/radiosinfronteras.com\/system\/wp-json\/wp\/v2\/posts\/130\/revisions"}],"predecessor-version":[{"id":132,"href":"https:\/\/radiosinfronteras.com\/system\/wp-json\/wp\/v2\/posts\/130\/revisions\/132"}],"wp:attachment":[{"href":"https:\/\/radiosinfronteras.com\/system\/wp-json\/wp\/v2\/media?parent=130"}],"wp:term":[{"taxonomy":"category","embeddable":true,"href":"https:\/\/radiosinfronteras.com\/system\/wp-json\/wp\/v2\/categories?post=130"},{"taxonomy":"post_tag","embeddable":true,"href":"https:\/\/radiosinfronteras.com\/system\/wp-json\/wp\/v2\/tags?post=130"}],"curies":[{"name":"wp","href":"https:\/\/api.w.org\/{rel}","templated":true}]}}