{"id":1496,"date":"2015-11-24T15:58:20","date_gmt":"2015-11-24T15:58:20","guid":{"rendered":"http:\/\/radiosinfronteras.com\/system\/?p=1496"},"modified":"2015-11-24T15:59:37","modified_gmt":"2015-11-24T15:59:37","slug":"eu-emite-alerta-mundial-para-sus-ciudadanos-por-terrorismo","status":"publish","type":"post","link":"https:\/\/radiosinfronteras.com\/system\/eu-emite-alerta-mundial-para-sus-ciudadanos-por-terrorismo\/","title":{"rendered":"EU emite alerta mundial para sus ciudadanos por terrorismo"},"content":{"rendered":"<div id=\"attachment_1497\" class=\"wp-caption alignleft\" style=\"width: 300px;\"><a rel=\"attachment wp-att-1497\" href=\"http:\/\/radiosinfronteras.com\/system\/?attachment_id=1497\"><img decoding=\"async\" loading=\"lazy\" width=\"300\" height=\"169\" class=\"size-medium wp-image-1497\" title=\"estado\" alt=\"\" src=\"http:\/\/radiosinfronteras.com\/system\/wp-content\/uploads\/2015\/11\/estado-300x169.jpg\" srcset=\"https:\/\/radiosinfronteras.com\/system\/wp-content\/uploads\/2015\/11\/estado-300x169.jpg 300w, https:\/\/radiosinfronteras.com\/system\/wp-content\/uploads\/2015\/11\/estado.jpg 400w\" sizes=\"(max-width: 300px) 100vw, 300px\" \/> <\/a><\/p>\n<p class=\"wp-caption-text\">\n<\/div>\n<p>WASHINGTON.- Estados Unidos emiti\u00f3 hoy una &#8220;alerta mundial de viaje&#8221; para sus ciudadanos por el incremento de las &#8220;amenazas terroristas&#8221; de grupos yihadistas como el Estado Isl\u00e1mico (EI), Al Qaeda y Boko Haram.<\/p>\n<p>&#8220;La informaci\u00f3n actual sugiere que el EI, Al Qaeda, Boko Haram y otros grupos terroristas siguen planeando ataques terroristas en m\u00faltiples regiones&#8221;, afirm\u00f3 el Departamento de Estado en un comunicado.<\/p>\n<p>&#8220;Estos ataques pueden emplear una variedad de t\u00e1cticas, usando armas convencionales o no convencionales y dirigi\u00e9ndose a intereses oficiales y privados&#8221;, se\u00f1ala el Gobierno estadounidense.<\/p>\n<p>&#8220;Esta alerta expira el 24 de febrero de 2016&#8221;, afirma la nota oficial, sin aclarar el motivo concreto de fijar esa fecha.<\/p>\n<p>Seg\u00fan el Departamento de Estado, las autoridades a\u00fan creen que &#8220;la probabilidad de ataques terroristas continuar\u00e1 mientras miembros del EI regresen de Siria e Irak&#8221;, donde el grupo yihadista proclam\u00f3 un califato a finales de junio de 2014.<\/p>\n<p>Adem\u00e1s, a\u00f1ade, &#8220;existe una continua amenaza de personas no afiliadas que planean ataques inspiradas por grandes organizaciones terroristas, pero que las llevan a cabo de forma individual&#8221;.<\/p>\n<p>El Gobierno estadounidense remarca que &#8220;los extremistas han atacado grandes eventos deportivos, teatros, mercados al aire libre y servicios a\u00e9reos&#8221;, y subraya que en el \u00faltimo a\u00f1o &#8220;ha habido m\u00faltiples ataques en Francia, Nigeria (donde suele atentar Boko Haram), Dinamarca, Turqu\u00eda y Mali&#8221;.<\/p>\n<p>Asimismo, el Departamento de Estado de EE.UU. recuerda que el EI &#8220;ha reclamado la responsabilidad del atentado contra un avi\u00f3n ruso en Egipto&#8221; cometido el pasado 31 de octubre.<\/p>\n<p>Por tanto, el Gobierno insta a los ciudadanos estadounidenses a &#8220;ejercer la vigilancia en lugares p\u00fablicos o en el uso del transporte&#8221; p\u00fablico, y evitar &#8220;grandes multitudes o lugares concurridos&#8221; durante sus viajes.<\/p>\n<p>El Departamento de Estado hace especial \u00e9nfasis en tener &#8220;precauci\u00f3n&#8221; durante la temporada de vacaciones que se avecina con las Navidades.<\/p>\n<p>El comunicado se public\u00f3 despu\u00e9s de que EE.UU. reforzar\u00e1 la seguridad en el pa\u00eds tras los atentados perpetrados el pasado d\u00eda 13 en Par\u00eds, que causaron 130 muertos y m\u00e1s de 350 heridos, y que se atribuy\u00f3 el Estado Isl\u00e1mico.<\/p>\n<p>La nota tambi\u00e9n se divulg\u00f3 en la v\u00edspera de que el presidente de Estados Unidos, Barack Obama, reciba este martes en la Casa Blanca a su hom\u00f3logo franc\u00e9s, Fran\u00e7ois Hollande, para abordar la lucha contra el EI.<\/p>\n<p><\/p>\n","protected":false},"excerpt":{"rendered":"<p>WASHINGTON.- Estados Unidos emiti\u00f3 hoy una &#8220;alerta mundial de viaje&#8221; para sus ciudadanos por el incremento de las &#8220;amenazas terroristas&#8221;<\/p>\n","protected":false},"author":1,"featured_media":1497,"comment_status":"closed","ping_status":"closed","sticky":false,"template":"","format":"standard","meta":[],"categories":[13],"tags":[],"_links":{"self":[{"href":"https:\/\/radiosinfronteras.com\/system\/wp-json\/wp\/v2\/posts\/1496"}],"collection":[{"href":"https:\/\/radiosinfronteras.com\/system\/wp-json\/wp\/v2\/posts"}],"about":[{"href":"https:\/\/radiosinfronteras.com\/system\/wp-json\/wp\/v2\/types\/post"}],"author":[{"embeddable":true,"href":"https:\/\/radiosinfronteras.com\/system\/wp-json\/wp\/v2\/users\/1"}],"replies":[{"embeddable":true,"href":"https:\/\/radiosinfronteras.com\/system\/wp-json\/wp\/v2\/comments?post=1496"}],"version-history":[{"count":0,"href":"https:\/\/radiosinfronteras.com\/system\/wp-json\/wp\/v2\/posts\/1496\/revisions"}],"wp:featuredmedia":[{"embeddable":true,"href":"https:\/\/radiosinfronteras.com\/system\/wp-json\/wp\/v2\/media\/1497"}],"wp:attachment":[{"href":"https:\/\/radiosinfronteras.com\/system\/wp-json\/wp\/v2\/media?parent=1496"}],"wp:term":[{"taxonomy":"category","embeddable":true,"href":"https:\/\/radiosinfronteras.com\/system\/wp-json\/wp\/v2\/categories?post=1496"},{"taxonomy":"post_tag","embeddable":true,"href":"https:\/\/radiosinfronteras.com\/system\/wp-json\/wp\/v2\/tags?post=1496"}],"curies":[{"name":"wp","href":"https:\/\/api.w.org\/{rel}","templated":true}]}}