{"id":1498,"date":"2015-11-26T15:59:24","date_gmt":"2015-11-26T15:59:24","guid":{"rendered":"http:\/\/radiosinfronteras.com\/system\/?p=1498"},"modified":"2015-11-26T16:11:21","modified_gmt":"2015-11-26T16:11:21","slug":"ciudadesdos-temblores-se-sienten-en-el-pais","status":"publish","type":"post","link":"https:\/\/radiosinfronteras.com\/system\/ciudadesdos-temblores-se-sienten-en-el-pais\/","title":{"rendered":"[ciudades]Dos temblores se sienten en el pa\u00eds"},"content":{"rendered":"<div id=\"attachment_1499\" class=\"wp-caption alignleft\" style=\"width: 300px;\"><a rel=\"attachment wp-att-1499\" href=\"http:\/\/radiosinfronteras.com\/system\/?attachment_id=1499\"><img decoding=\"async\" loading=\"lazy\" width=\"300\" height=\"225\" class=\"size-medium wp-image-1499\" title=\"azua\" alt=\"\" src=\"http:\/\/radiosinfronteras.com\/system\/wp-content\/uploads\/2015\/11\/azua-300x225.jpg\" srcset=\"https:\/\/radiosinfronteras.com\/system\/wp-content\/uploads\/2015\/11\/azua-300x225.jpg 300w, https:\/\/radiosinfronteras.com\/system\/wp-content\/uploads\/2015\/11\/azua.jpg 400w\" sizes=\"(max-width: 300px) 100vw, 300px\" \/> <\/a><\/p>\n<p class=\"wp-caption-text\">\n<\/div>\n<p>La foto muestra los da\u00f1os en la carretera Hatillo &#8211; Azua<\/p>\n<p>\nDalton Herrera<br \/>\nSanto Domingo<\/p>\n<p>Dos temblores de 4.9 y 4.8 grados en la escala de Richter se sintieron anoche en gran parte del pa\u00eds, sin que se registrara ning\u00fan tipo de da\u00f1o.<\/p>\n<p>Seg\u00fan el subdirector del Centro de Operaciones de Emergencias (COE), Edwin Olivares, el informe preliminar del Instituto Sismol\u00f3gico Dominicano indic\u00f3 que el primer movimiento tel\u00farico de 4.8 se registr\u00f3 a las 8:38 de la noche, pr\u00f3ximo al Palmar de Ocoa en la provincia de Azua, cuya latitud fue de 18.5 y longitud 70.5.<\/p>\n<p>El segundo de intensidad 4.9 ocurri\u00f3o a las 9:47 de la noche, en la misma zona.<\/p>\n<p>&#8220;Ha habido peque\u00f1as r\u00e9plicas y se han sentido en la mayor\u00eda de las provincias del pa\u00eds tales como La Vega, Bonao, Azua, San Crist\u00f3bal, Palmar de Ocoa, Santiago, Santo Domingo, Monte Plata y San Juan de la Maguana, La Altagracia, Costanza, San Francisco de Macor\u00eds, Enriquillo y hasta en Las Terrenas; sin embargo, no hay ningun da\u00f1o registrado&#8221;, afirm\u00f3 Olivares.<\/p>\n<p>Esa versi\u00f3n fue corroborada por el director regional de la Defensa Civil del Valle, S\u00f3crates Urraca, quien indic\u00f3 que las personas se alarmaron debido al temblor pero no pas\u00f3 a mayores.<\/p>\n<p>&#8220;Las personas estaban fuera de sus casas debido al temblor que realmente se sinti\u00f3 fuerte, pero no hubo ning\u00fan tipo de derrumbe ni nada que lamentar; se hizo un completo perimetraje del \u00e1rea para evaluar posibles da\u00f1os pero se confirm\u00f3 que no hay nada gracias a Dios&#8221;, sostuvo Urraca.<\/p>\n<p>Luego del temblor, varias r\u00e9plicas se sintieron en gran parte del pa\u00eds provocando que las redes sociales se inundaran de comentarios.<\/p>\n<p>Rosa Mar\u00eda public\u00f3 en Facebook: &#8220;Se sinti\u00f3 fuerte el temblor de tierra, que el Se\u00f1or todopoderoso nos acompa\u00f1e para siempre y en todo lugar&#8221;.<\/p>\n<p>Mientras, Roxi Rodr\u00edquez Quelis se\u00f1al\u00f3: &#8220;Que Dios nos proteja de un sismo mayor, pues con las malas construcciones que se hacen en este pa\u00eds&#8230; Que el se\u00f1or Dios nos ampare de todo esto&#8221;.<\/p>\n<p><\/p>\n","protected":false},"excerpt":{"rendered":"<p>La foto muestra los da\u00f1os en la carretera Hatillo &#8211; Azua Dalton Herrera Santo Domingo Dos temblores de 4.9 y<\/p>\n","protected":false},"author":1,"featured_media":1499,"comment_status":"closed","ping_status":"closed","sticky":false,"template":"","format":"standard","meta":[],"categories":[1],"tags":[],"_links":{"self":[{"href":"https:\/\/radiosinfronteras.com\/system\/wp-json\/wp\/v2\/posts\/1498"}],"collection":[{"href":"https:\/\/radiosinfronteras.com\/system\/wp-json\/wp\/v2\/posts"}],"about":[{"href":"https:\/\/radiosinfronteras.com\/system\/wp-json\/wp\/v2\/types\/post"}],"author":[{"embeddable":true,"href":"https:\/\/radiosinfronteras.com\/system\/wp-json\/wp\/v2\/users\/1"}],"replies":[{"embeddable":true,"href":"https:\/\/radiosinfronteras.com\/system\/wp-json\/wp\/v2\/comments?post=1498"}],"version-history":[{"count":0,"href":"https:\/\/radiosinfronteras.com\/system\/wp-json\/wp\/v2\/posts\/1498\/revisions"}],"wp:featuredmedia":[{"embeddable":true,"href":"https:\/\/radiosinfronteras.com\/system\/wp-json\/wp\/v2\/media\/1499"}],"wp:attachment":[{"href":"https:\/\/radiosinfronteras.com\/system\/wp-json\/wp\/v2\/media?parent=1498"}],"wp:term":[{"taxonomy":"category","embeddable":true,"href":"https:\/\/radiosinfronteras.com\/system\/wp-json\/wp\/v2\/categories?post=1498"},{"taxonomy":"post_tag","embeddable":true,"href":"https:\/\/radiosinfronteras.com\/system\/wp-json\/wp\/v2\/tags?post=1498"}],"curies":[{"name":"wp","href":"https:\/\/api.w.org\/{rel}","templated":true}]}}