{"id":1502,"date":"2015-12-03T16:32:06","date_gmt":"2015-12-03T16:32:06","guid":{"rendered":"http:\/\/radiosinfronteras.com\/system\/?p=1502"},"modified":"2015-12-03T17:08:45","modified_gmt":"2015-12-03T17:08:45","slug":"ciudadesla-dican-ocupa-275-libras-de-marihuana-a-un-conductor-en-azua","status":"publish","type":"post","link":"https:\/\/radiosinfronteras.com\/system\/ciudadesla-dican-ocupa-275-libras-de-marihuana-a-un-conductor-en-azua\/","title":{"rendered":"[ciudades]La DICAN ocupa 275 libras de marihuana a un conductor en Azua"},"content":{"rendered":"<div id=\"attachment_1503\" class=\"wp-caption alignleft\" style=\"width: 300px;\"><a rel=\"attachment wp-att-1503\" href=\"http:\/\/radiosinfronteras.com\/system\/?attachment_id=1503\"><img decoding=\"async\" loading=\"lazy\" width=\"300\" height=\"160\" class=\"size-medium wp-image-1503\" title=\"azua-droga\" alt=\"\" src=\"http:\/\/radiosinfronteras.com\/system\/wp-content\/uploads\/2015\/12\/azua-droga-300x160.jpg\" srcset=\"https:\/\/radiosinfronteras.com\/system\/wp-content\/uploads\/2015\/12\/azua-droga-300x160.jpg 300w, https:\/\/radiosinfronteras.com\/system\/wp-content\/uploads\/2015\/12\/azua-droga.jpg 400w\" sizes=\"(max-width: 300px) 100vw, 300px\" \/> <\/a><\/p>\n<p class=\"wp-caption-text\">\n<\/div>\n<p>Por la droga solo est\u00e1 detenido el hombre al que supuestamente se le ocup\u00f3<\/p>\n<p>\nSANTO DOMINGO. La Direcci\u00f3n Central de Antinarc\u00f3ticos de la Polic\u00eda Nacional (DICAN) ocup\u00f3 anoche en Azua 275 libras de marihuana a un hombre que la transportaba en una camioneta.<\/p>\n<p>La droga le fue decomisada a Emilio Jos\u00e9 Concepci\u00f3n Medina, de 32 a\u00f1os, quien conduc\u00eda la camioneta marca Toyota, negra, placa L293240, por la calle S\u00e1nchez, del distrito municipal de Hato Nuevo, en el municipio de Las Yayas, en Azua, y al ser detenido por miembros de la DICAN supuestamente le fue encontrada la droga.<\/p>\n<p>El informe preliminar refiere que la droga estaba oculta en el piso del veh\u00edculo y en el interior de un cilindro de gas y las compuertas de la &#8220;cama&#8221; de la camioneta.<\/p>\n<p>La DICAN inform\u00f3 que la incautaci\u00f3n fue posible gracias a informes de inteligencia que indicaban el traslado del referido cargamento desde la provincia del sur hacia la ciudad de Santo Domingo.<\/p>\n<p>Afirman que contin\u00faan las investigaciones para determinar la identidad de otros posibles involucrados en el caso, mientras el detenido ser\u00e1 puesto a disposici\u00f3n de la justicia en las pr\u00f3ximas horas.<\/p>\n<p><\/p>\n","protected":false},"excerpt":{"rendered":"<p>Por la droga solo est\u00e1 detenido el hombre al que supuestamente se le ocup\u00f3 SANTO DOMINGO. La Direcci\u00f3n Central de<\/p>\n","protected":false},"author":1,"featured_media":1503,"comment_status":"closed","ping_status":"closed","sticky":false,"template":"","format":"standard","meta":[],"categories":[1],"tags":[],"_links":{"self":[{"href":"https:\/\/radiosinfronteras.com\/system\/wp-json\/wp\/v2\/posts\/1502"}],"collection":[{"href":"https:\/\/radiosinfronteras.com\/system\/wp-json\/wp\/v2\/posts"}],"about":[{"href":"https:\/\/radiosinfronteras.com\/system\/wp-json\/wp\/v2\/types\/post"}],"author":[{"embeddable":true,"href":"https:\/\/radiosinfronteras.com\/system\/wp-json\/wp\/v2\/users\/1"}],"replies":[{"embeddable":true,"href":"https:\/\/radiosinfronteras.com\/system\/wp-json\/wp\/v2\/comments?post=1502"}],"version-history":[{"count":0,"href":"https:\/\/radiosinfronteras.com\/system\/wp-json\/wp\/v2\/posts\/1502\/revisions"}],"wp:featuredmedia":[{"embeddable":true,"href":"https:\/\/radiosinfronteras.com\/system\/wp-json\/wp\/v2\/media\/1503"}],"wp:attachment":[{"href":"https:\/\/radiosinfronteras.com\/system\/wp-json\/wp\/v2\/media?parent=1502"}],"wp:term":[{"taxonomy":"category","embeddable":true,"href":"https:\/\/radiosinfronteras.com\/system\/wp-json\/wp\/v2\/categories?post=1502"},{"taxonomy":"post_tag","embeddable":true,"href":"https:\/\/radiosinfronteras.com\/system\/wp-json\/wp\/v2\/tags?post=1502"}],"curies":[{"name":"wp","href":"https:\/\/api.w.org\/{rel}","templated":true}]}}