{"id":2409,"date":"2020-01-06T06:51:01","date_gmt":"2020-01-06T06:51:01","guid":{"rendered":"http:\/\/radiosinfronteras.com\/system\/?p=2409"},"modified":"2020-01-06T06:58:18","modified_gmt":"2020-01-06T06:58:18","slug":"aliados-internacionales-de-guaido-condenan-golpe-al-parlamento-en-venezuela","status":"publish","type":"post","link":"https:\/\/radiosinfronteras.com\/system\/aliados-internacionales-de-guaido-condenan-golpe-al-parlamento-en-venezuela\/","title":{"rendered":"Aliados internacionales de Guaid\u00f3 condenan &#8220;golpe al Parlamento&#8221; en Venezuela"},"content":{"rendered":"<p><a href=\"http:\/\/radiosinfronteras.com\/system\/?attachment_id=2410\"><img decoding=\"async\" loading=\"lazy\" src=\"http:\/\/radiosinfronteras.com\/system\/wp-content\/uploads\/2020\/01\/comun0ISoZP-300x200.jpg\" alt=\"\" width=\"300px\" height=\"200px\" class=\"alignnone size-medium wp-image-2410\" srcset=\"https:\/\/radiosinfronteras.com\/system\/wp-content\/uploads\/2020\/01\/comun0ISoZP-300x200.jpg 300w, https:\/\/radiosinfronteras.com\/system\/wp-content\/uploads\/2020\/01\/comun0ISoZP-768x512.jpg 768w, https:\/\/radiosinfronteras.com\/system\/wp-content\/uploads\/2020\/01\/comun0ISoZP-1024x682.jpg 1024w, https:\/\/radiosinfronteras.com\/system\/wp-content\/uploads\/2020\/01\/comun0ISoZP.jpg 1366w\" sizes=\"(max-width: 300px) 100vw, 300px\" \/><\/a><br \/>\nEFE<br \/>\nRedacci\u00f3n Internacional<\/p>\n<p>Aliados internacionales de Juan Guaid\u00f3, reconocido por m\u00e1s de 50 pa\u00edses como mandatario interino de Venezuela, condenaron y calificaron de &#8220;golpe&#8221; y &#8220;farsa&#8221; la elecci\u00f3n este domingo por parte del chavismo de un nuevo jefe del Parlamento, en una sesi\u00f3n a la que le impidieron entrar al l\u00edder opositor.<\/p>\n<p>Diputados chavistas eligieron hoy a Luis Parra, antiguo miembro del partido opositor Primero Justicia, en un bronco y breve debate al que no pudo asistir Guaid\u00f3, quien buscaba la reelecci\u00f3n como jefe del Parlamento y que fue retenido durante horas por la Polic\u00eda en los alrededores del Palacio Legislativo.<\/p>\n<p>Guaid\u00f3 aspiraba a ser reelegido como jefe del Legislativo, un rol que ocupaba desde enero del pasado a\u00f1o y que le permiti\u00f3 proclamarse presidente interino de Venezuela con base en una interpretaci\u00f3n de varios art\u00edculos de la Constituci\u00f3n venezolana y al considerar &#8220;ileg\u00edtimo&#8221; el mandato de Nicol\u00e1s Maduro.<\/p>\n<p>Tras la votaci\u00f3n, el secretario general de la Organizaci\u00f3n de Estados Americanos (OEA), Luis Almagro, quien ha expresado en numerosas ocasiones su apoyo inquebrantable a Guaid\u00f3, conden\u00f3 los &#8220;actos de violencia&#8221; y &#8220;cualquier acci\u00f3n de usurpaci\u00f3n realizada contraria a la legitimidad constitucional y a las mayor\u00edas&#8221; del Parlamento venezolano.<\/p>\n<p>Mientras Estados Unidos, uno de los mayores cr\u00edticos del Gobierno de Maduro, calific\u00f3 de &#8220;farsa&#8221; la votaci\u00f3n y reafirm\u00f3 su respaldo a Guaid\u00f3, al que dijo que seguir\u00e1 considerando &#8220;presidente interino&#8221; de Venezuela.<\/p>\n<p>&#8220;Las acciones desesperadas del antiguo r\u00e9gimen de Maduro, impidiendo ilegalmente por la fuerza la entrada al edificio de Juan Guaid\u00f3 y de la mayor\u00eda de los diputados de la Asamblea Nacional, ha hecho que el &#8216;voto&#8217; de esta ma\u00f1ana, que carece de quorum y no cumple con los est\u00e1ndares constitucionales m\u00ednimos, sea una farsa&#8221;, consider\u00f3 el encargado de Latinoam\u00e9rica en el Departamento de Estado de EE.UU., Michael Kozak<\/p>\n<p>En esto coincidi\u00f3 el canciller de Brasil, Ernesto Ara\u00fajo, al subrayar que su pa\u00eds no reconocer\u00e1 el resultado de esa votaci\u00f3n, en la que se impidi\u00f3 &#8220;a la fuerza&#8221; la reelecci\u00f3n de &#8220;Juan Guaid\u00f3 para la Presidencia de la AN y del Gobierno interino, crucial para la redemocratizaci\u00f3n del pa\u00eds&#8221;.<\/p>\n<p>En la misma l\u00ednea, el Gobierno del derechista Iv\u00e1n Duque asegur\u00f3 que el &#8220;resultado de un proceso de elecci\u00f3n de la mesa directiva realizado de manera fraudulenta, sin transparencia ni garant\u00edas, no ser\u00e1 reconocido por el Estado colombiano&#8221;.<\/p>\n<p>Antes de la sesi\u00f3n, esperada desde hace meses como un nuevo pulso entre Gobierno y oposici\u00f3n, los alrededores del Palacio Legislativo fueron tomados por la Polic\u00eda y la Guardia Nacional Bolivariana, que pusieron numerosos controles tanto a Guaid\u00f3 como a otros diputados que lo acompa\u00f1aban para el ingreso.<\/p>\n<p>El canciller chileno, Teodoro Ribera, lament\u00f3 esos incidentes, que describi\u00f3 &#8220;actos intimidatorios de la dictadura de Nicol\u00e1s Maduro en contra de los diputados elegidos democr\u00e1ticamente y en pleno ejercicio de la AN&#8221;.<\/p>\n<p>Para el mandatario ecuatoriano, Len\u00edn Moreno, el hecho represent\u00f3, adem\u00e1s, &#8220;un atropello&#8221; contra Guaid\u00f3 y &#8220;una nueva muestra del autoritarismo del r\u00e9gimen de Maduro&#8221; que &#8220;aleja a\u00fan m\u00e1s a Venezuela de la senda democr\u00e1tica que el mundo entero le augura&#8221;.<\/p>\n<p>En tanto, el canciller de Paraguay, Antonio Rivas, asegur\u00f3 que hoy &#8220;se ha atentado una vez m\u00e1s contra el \u00faltimo basti\u00f3n democr\u00e1tico subsistente en Venezuela y muestra una vez m\u00e1s las intenciones de Maduro y sus allegados de evitar, a cualquier costo, el desarrollo de comicios libres y transparentes en el seno de la Asamblea Nacional&#8221;.<\/p>\n<p>Mientras el Gobierno interino de Bolivia, que asumi\u00f3 tras la renuncia de Evo Morales -hist\u00f3rico aliado de Maduro-, rechaz\u00f3 tambi\u00e9n la &#8220;manipulaci\u00f3n e intervenci\u00f3n&#8221; en el Parlamento de Venezuela y ratific\u00f3 su apoyo a Guaid\u00f3.<\/p>\n<p>Una respuesta similar emiti\u00f3 Costa Rica, que adem\u00e1s de calificar de &#8220;inaudita y burda maniobra&#8221; el impedimento de entrada a Guaid\u00f3, advirti\u00f3 que no reconocer\u00e1 &#8220;ninguna representaci\u00f3n que pretenda el r\u00e9gimen de Maduro, pues carece de toda legitimidad&#8221;.<\/p>\n<p>Una cr\u00edtica a la que se sum\u00f3 el l\u00edder del partido espa\u00f1ol Vox (ultraderecha), Santiago Abascal, quien indic\u00f3 que &#8220;los socios de Pablo Iglesias, Zapatero y S\u00e1nchez dan un golpe institucional en Venezuela para hacerse con el Parlamento&#8221;.<\/p>\n<p>REACCIONES INTERNAS<\/p>\n<p>Tras la controvertida elecci\u00f3n, el diputado Luis Parra afirm\u00f3 que no van &#8220;a seguir enganchados en el pasado&#8221;.<\/p>\n<p>&#8220;Juan Guaid\u00f3 para nosotros es el pasado y tenemos que abrirle la puerta al futuro&#8221;, agreg\u00f3.<\/p>\n<p>En respuesta, el coordinador de Primero Justicia, el partido del l\u00edder opositor Henrique Capriles y al que pertenec\u00eda Parra, se\u00f1al\u00f3: &#8220;Ellos (Parra) no representan al pueblo venezolano, es una maniobra para tratar de imponer a un grupo de c\u00f3mplices de Maduro y su r\u00e9gimen en la Asamblea Nacional&#8221;.<\/p>\n<p>Y el grupo Venezolanos Perseguidos Pol\u00edticos en el Exilio (Veppex) calific\u00f3 desde EE.UU. como un &#8220;golpe&#8221; al Parlamento la elecci\u00f3n de Parra y culp\u00f3 a Guaid\u00f3 por haber permitido la reincorporaci\u00f3n en 2019 de diputados que hoy votaron para removerlo.<\/p>\n<p>En la tarde del domingo, Guaid\u00f3 abri\u00f3 una sesi\u00f3n paralela e improvisada del Legislativo tras no reconocer la nueva junta directiva.<\/p>\n","protected":false},"excerpt":{"rendered":"<p>EFE Redacci\u00f3n Internacional Aliados internacionales de Juan Guaid\u00f3, reconocido por m\u00e1s de 50 pa\u00edses como mandatario interino de Venezuela, condenaron<\/p>\n","protected":false},"author":1,"featured_media":2410,"comment_status":"closed","ping_status":"closed","sticky":false,"template":"","format":"standard","meta":[],"categories":[29],"tags":[],"_links":{"self":[{"href":"https:\/\/radiosinfronteras.com\/system\/wp-json\/wp\/v2\/posts\/2409"}],"collection":[{"href":"https:\/\/radiosinfronteras.com\/system\/wp-json\/wp\/v2\/posts"}],"about":[{"href":"https:\/\/radiosinfronteras.com\/system\/wp-json\/wp\/v2\/types\/post"}],"author":[{"embeddable":true,"href":"https:\/\/radiosinfronteras.com\/system\/wp-json\/wp\/v2\/users\/1"}],"replies":[{"embeddable":true,"href":"https:\/\/radiosinfronteras.com\/system\/wp-json\/wp\/v2\/comments?post=2409"}],"version-history":[{"count":0,"href":"https:\/\/radiosinfronteras.com\/system\/wp-json\/wp\/v2\/posts\/2409\/revisions"}],"wp:featuredmedia":[{"embeddable":true,"href":"https:\/\/radiosinfronteras.com\/system\/wp-json\/wp\/v2\/media\/2410"}],"wp:attachment":[{"href":"https:\/\/radiosinfronteras.com\/system\/wp-json\/wp\/v2\/media?parent=2409"}],"wp:term":[{"taxonomy":"category","embeddable":true,"href":"https:\/\/radiosinfronteras.com\/system\/wp-json\/wp\/v2\/categories?post=2409"},{"taxonomy":"post_tag","embeddable":true,"href":"https:\/\/radiosinfronteras.com\/system\/wp-json\/wp\/v2\/tags?post=2409"}],"curies":[{"name":"wp","href":"https:\/\/api.w.org\/{rel}","templated":true}]}}