{"id":2583,"date":"2020-03-25T22:45:16","date_gmt":"2020-03-25T22:45:16","guid":{"rendered":"http:\/\/radiosinfronteras.com\/system\/?p=2583"},"modified":"2020-03-25T22:50:58","modified_gmt":"2020-03-25T22:50:58","slug":"new-yorkevacuaron-un-estudio-de-univision-en-miami-dade-por-un-caso-de-coronavirus","status":"publish","type":"post","link":"https:\/\/radiosinfronteras.com\/system\/new-yorkevacuaron-un-estudio-de-univision-en-miami-dade-por-un-caso-de-coronavirus\/","title":{"rendered":"[New York]Evacuaron un estudio de Univision en Miami-Dade por un caso de coronavirus"},"content":{"rendered":"<p><a href=\"http:\/\/radiosinfronteras.com\/system\/?attachment_id=2584\"><img decoding=\"async\" loading=\"lazy\" src=\"http:\/\/radiosinfronteras.com\/system\/wp-content\/uploads\/2020\/03\/comunZzlXIR-300x204.jpg\" alt=\"\" width=\"300px\" height=\"204px\" class=\"alignnone size-medium wp-image-2584\" srcset=\"https:\/\/radiosinfronteras.com\/system\/wp-content\/uploads\/2020\/03\/comunZzlXIR-300x204.jpg 300w, https:\/\/radiosinfronteras.com\/system\/wp-content\/uploads\/2020\/03\/comunZzlXIR-768x523.jpg 768w, https:\/\/radiosinfronteras.com\/system\/wp-content\/uploads\/2020\/03\/comunZzlXIR-1024x697.jpg 1024w, https:\/\/radiosinfronteras.com\/system\/wp-content\/uploads\/2020\/03\/comunZzlXIR.jpg 1366w\" sizes=\"(max-width: 300px) 100vw, 300px\" \/><\/a><\/p>\n<p>\nEl reconocido periodista Jorge Ramos debi\u00f3 realizar este mi\u00e9rcoles la conducci\u00f3n del Noticiero Univision desde un jard\u00edn lejos del estudio de televisi\u00f3n en el edificio Newsport en la ciudad de Doral, condado de Miami-Dade, porque se detect\u00f3 que un compa\u00f1ero de trabajo contrajo coronavirus.<\/p>\n<p>\u201cNos encontramos en una transmisi\u00f3n fuera de lo normal porque una persona con la que trabajamos en la sala de redacci\u00f3n de Univision result\u00f3 positiva de coronavirus\u201d, explic\u00f3 Ramos en la emisi\u00f3n televisiva en Florida, Estados Unidos. \u201cPor lo tanto, en una medida de extrema precauci\u00f3n, todo el equipo de noticias ha salido y estamos transmitiendo desde este lugar para evitar cualquier posibilidad de contagio con otras personas\u201d, agreg\u00f3.<\/p>\n<p>Consultados por la revista People, autoridades de la cadena de televisi\u00f3n dieron m\u00e1s detalles del trabajador contagiado. \u201cEn Univision se nos notific\u00f3 recientemente que uno de nuestros colegas en Miami ha recibido un resultado positivo de COVID-19 y en este momento est\u00e1 en su casa y nos reporta que se siente bien y tiene s\u00edntomas muy leves\u201d, confirmaron.<\/p>\n<p>Con el fin de evitar la propagaci\u00f3n del COVID-19, Univision identific\u00f3 a los empleados que pudieron haber estado en contacto directo con el paciente y les pidi\u00f3 que hagan cuarentena.<\/p>\n","protected":false},"excerpt":{"rendered":"<p>El reconocido periodista Jorge Ramos debi\u00f3 realizar este mi\u00e9rcoles la conducci\u00f3n del Noticiero Univision desde un jard\u00edn lejos del estudio<\/p>\n","protected":false},"author":1,"featured_media":2584,"comment_status":"closed","ping_status":"closed","sticky":false,"template":"","format":"standard","meta":[],"categories":[1],"tags":[],"_links":{"self":[{"href":"https:\/\/radiosinfronteras.com\/system\/wp-json\/wp\/v2\/posts\/2583"}],"collection":[{"href":"https:\/\/radiosinfronteras.com\/system\/wp-json\/wp\/v2\/posts"}],"about":[{"href":"https:\/\/radiosinfronteras.com\/system\/wp-json\/wp\/v2\/types\/post"}],"author":[{"embeddable":true,"href":"https:\/\/radiosinfronteras.com\/system\/wp-json\/wp\/v2\/users\/1"}],"replies":[{"embeddable":true,"href":"https:\/\/radiosinfronteras.com\/system\/wp-json\/wp\/v2\/comments?post=2583"}],"version-history":[{"count":0,"href":"https:\/\/radiosinfronteras.com\/system\/wp-json\/wp\/v2\/posts\/2583\/revisions"}],"wp:featuredmedia":[{"embeddable":true,"href":"https:\/\/radiosinfronteras.com\/system\/wp-json\/wp\/v2\/media\/2584"}],"wp:attachment":[{"href":"https:\/\/radiosinfronteras.com\/system\/wp-json\/wp\/v2\/media?parent=2583"}],"wp:term":[{"taxonomy":"category","embeddable":true,"href":"https:\/\/radiosinfronteras.com\/system\/wp-json\/wp\/v2\/categories?post=2583"},{"taxonomy":"post_tag","embeddable":true,"href":"https:\/\/radiosinfronteras.com\/system\/wp-json\/wp\/v2\/tags?post=2583"}],"curies":[{"name":"wp","href":"https:\/\/api.w.org\/{rel}","templated":true}]}}