{"id":2637,"date":"2020-06-10T01:23:01","date_gmt":"2020-06-10T01:23:01","guid":{"rendered":"http:\/\/radiosinfronteras.com\/system\/?p=2637"},"modified":"2020-06-10T01:31:07","modified_gmt":"2020-06-10T01:31:07","slug":"adulto-mayor-herido-al-ser-empujado-por-policias-exagero-su-caida-donald-trump","status":"publish","type":"post","link":"https:\/\/radiosinfronteras.com\/system\/adulto-mayor-herido-al-ser-empujado-por-policias-exagero-su-caida-donald-trump\/","title":{"rendered":"Adulto mayor herido al ser empujado por polic\u00edas &#8220;exager\u00f3 su ca\u00edda&#8221;: Donald Trump"},"content":{"rendered":"<p><a href=\"http:\/\/radiosinfronteras.com\/system\/?attachment_id=2638\"><img decoding=\"async\" loading=\"lazy\" src=\"http:\/\/radiosinfronteras.com\/system\/wp-content\/uploads\/2020\/06\/comunhrycsV-300x164.jpg\" alt=\"\" width=\"300px\" height=\"164px\" class=\"alignnone size-medium wp-image-2638\" srcset=\"https:\/\/radiosinfronteras.com\/system\/wp-content\/uploads\/2020\/06\/comunhrycsV-300x164.jpg 300w, https:\/\/radiosinfronteras.com\/system\/wp-content\/uploads\/2020\/06\/comunhrycsV-768x419.jpg 768w, https:\/\/radiosinfronteras.com\/system\/wp-content\/uploads\/2020\/06\/comunhrycsV-1024x558.jpg 1024w, https:\/\/radiosinfronteras.com\/system\/wp-content\/uploads\/2020\/06\/comunhrycsV.jpg 1366w\" sizes=\"(max-width: 300px) 100vw, 300px\" \/><\/a><br \/>\nEl presidente de Estados Unidos, Donald Trump aleg\u00f3 sin fundamento que un manifestante de la tercera edad que fue arrojado al suelo por un polic\u00eda de Buffalo, Nueva York, y que result\u00f3 gravemente herido, era un &#8220;provocador&#8221; que exager\u00f3 su ca\u00edda.<\/p>\n<p>El tuit de Trump se produjo despu\u00e9s de la lesi\u00f3n la semana pasada del manifestante Martin Gugino, de 75 a\u00f1os, quien fue identificado como activista y miembro del Centro de Paz del Oeste de Nueva York. Un video lo mostr\u00f3 acercarse a elementos de la polic\u00eda y hablar con ellos antes de ser empujado.<\/p>\n<p>Gugino cay\u00f3 al suelo y qued\u00f3 inm\u00f3vil despu\u00e9s, sangrando de su cabeza. WGRZ-TV informa que todav\u00eda estaba hospitalizado. Dos oficiales han sido suspendidos y acusados ??de agresi\u00f3n, y se han declarado inocentes.<\/p>\n<p>El presidente dijo que &#8220;podr\u00eda ser una trampa&#8221; y afirm\u00f3 que cre\u00eda que Gugino estaba intentando manipular el equipo de la polic\u00eda al escanearlo. Cit\u00f3 un informe de una agencia de medios conservadora.<\/p>\n","protected":false},"excerpt":{"rendered":"<p>El presidente de Estados Unidos, Donald Trump aleg\u00f3 sin fundamento que un manifestante de la tercera edad que fue arrojado<\/p>\n","protected":false},"author":1,"featured_media":2638,"comment_status":"closed","ping_status":"closed","sticky":false,"template":"","format":"standard","meta":[],"categories":[38],"tags":[],"_links":{"self":[{"href":"https:\/\/radiosinfronteras.com\/system\/wp-json\/wp\/v2\/posts\/2637"}],"collection":[{"href":"https:\/\/radiosinfronteras.com\/system\/wp-json\/wp\/v2\/posts"}],"about":[{"href":"https:\/\/radiosinfronteras.com\/system\/wp-json\/wp\/v2\/types\/post"}],"author":[{"embeddable":true,"href":"https:\/\/radiosinfronteras.com\/system\/wp-json\/wp\/v2\/users\/1"}],"replies":[{"embeddable":true,"href":"https:\/\/radiosinfronteras.com\/system\/wp-json\/wp\/v2\/comments?post=2637"}],"version-history":[{"count":0,"href":"https:\/\/radiosinfronteras.com\/system\/wp-json\/wp\/v2\/posts\/2637\/revisions"}],"wp:featuredmedia":[{"embeddable":true,"href":"https:\/\/radiosinfronteras.com\/system\/wp-json\/wp\/v2\/media\/2638"}],"wp:attachment":[{"href":"https:\/\/radiosinfronteras.com\/system\/wp-json\/wp\/v2\/media?parent=2637"}],"wp:term":[{"taxonomy":"category","embeddable":true,"href":"https:\/\/radiosinfronteras.com\/system\/wp-json\/wp\/v2\/categories?post=2637"},{"taxonomy":"post_tag","embeddable":true,"href":"https:\/\/radiosinfronteras.com\/system\/wp-json\/wp\/v2\/tags?post=2637"}],"curies":[{"name":"wp","href":"https:\/\/api.w.org\/{rel}","templated":true}]}}