{"id":274,"date":"2014-02-05T19:49:43","date_gmt":"2014-02-05T19:49:43","guid":{"rendered":"http:\/\/radiosinfronteras.com\/system\/?p=274"},"modified":"2014-02-17T20:40:16","modified_gmt":"2014-02-17T20:40:16","slug":"gobierno-boliviano-evacuara-a-familias-damnificadas-de-las-orillas-del-rio-beni-y-habilitara-vuelos-solidarios","status":"publish","type":"post","link":"https:\/\/radiosinfronteras.com\/system\/gobierno-boliviano-evacuara-a-familias-damnificadas-de-las-orillas-del-rio-beni-y-habilitara-vuelos-solidarios\/","title":{"rendered":"Gobierno boliviano evacuar\u00e1 a familias damnificadas de las orillas del r\u00edo Beni y habilitar\u00e1 vuelos solidarios"},"content":{"rendered":"<p><span><a href=\"http:\/\/radiosinfronteras.com\/system\/wp-content\/uploads\/2014\/02\/inundaciones.jpg\"><img decoding=\"async\" loading=\"lazy\" class=\"alignleft size-full wp-image-275\" alt=\"inundaciones\" src=\"http:\/\/radiosinfronteras.com\/system\/wp-content\/uploads\/2014\/02\/inundaciones.jpg\" width=\"320\" height=\"214\" srcset=\"https:\/\/radiosinfronteras.com\/system\/wp-content\/uploads\/2014\/02\/inundaciones.jpg 320w, https:\/\/radiosinfronteras.com\/system\/wp-content\/uploads\/2014\/02\/inundaciones-300x200.jpg 300w\" sizes=\"(max-width: 320px) 100vw, 320px\" \/><\/a>La Paz, 4 feb (ABI).- El Gobierno evacuar\u00e1 ma\u00f1ana (mi\u00e9rcoles) a las familias que viven en las orillas del r\u00edo Beni debido a que es imposible ingresar con ayuda hasta esa zona, y continuar\u00e1 con la habilitaci\u00f3n, esta jornada, de vuelos solidarios para movilizar a la gente que qued\u00f3 parada por el temporal.<\/p>\n<p>El presidente Evo Morales, en conferencia de prensa, en Palacio de Gobierno, dijo que &#8216;hay algunos lugares que es imposible de llegar por ejemplo en Gundonovia el r\u00edo sobrepas\u00f3 las comunidades y por eso decidimos ma\u00f1ana que dos embarcaciones van a evacuar a quienes viven en orillas de r\u00edos en la zona de Beni&#8217;.<\/p>\n<p>Agreg\u00f3 tambi\u00e9n que unos 300 pasajeros no pueden retornar a la ciudad de La Paz ni Cobija, por lo que se habilitar\u00e1 avionetas para que salgan de Rurrenabaque hacia Trinidad y de ah\u00ed se movilicen hacia sus destinos.<\/p>\n<p>Explic\u00f3 que el &#8216;grueso&#8217; del agua avanza sobre Trinidad y se prev\u00e9 que en dos a tres d\u00edas llegue a esa regi\u00f3n y permanezca por lo menos un mes, por lo que se dispuso carpas en instalaciones militares para atender a la gente.<\/p>\n<p>&#8216;Es mucha inundaci\u00f3n nos sorprendi\u00f3 la lluvia, la riada impresionante pero estamos preparados&#8217;, mencion\u00f3.<\/p>\n<p>Se\u00f1al\u00f3 que cuando la riada va por Puerto Villarroel, &#8216;en dos semanas llega a Trinidad, estamos a dos tres d\u00edas&#8217;.<\/p>\n<p>Lament\u00f3 la p\u00e9rdida de vidas resultado de las intensas y persistentes lluvias que castigan al pa\u00eds y en particular a la zona norte del territorio boliviano, pero recomend\u00f3 que ante todo se preserve la vida.<\/p>\n<p>Muchas veces, dijo las personas fallecen por intentar salvar bienes materiales, lo que se constituye en un aspecto secundario, pues el Gobierno trabajar\u00e1 para reponer viviendas y cultivos.<\/p>\n<p>Destac\u00f3 la movilizaci\u00f3n de los ministros de Estado quienes se encuentran en los lugares afectados atendiendo a la poblaci\u00f3n damnificada junto con las Fuerzas Armadas.<\/p>\n<p>En ese entendido anunci\u00f3 que en la jornada el vicepresidente \u00c1lvaro Garc\u00eda Linera\u00a0 llegar\u00e1 con ayuda a las comunidades de Oromomo y San Lorenzo, lugares donde a\u00fan se puede aterrizar.<\/p>\n<p>De acuerdo con el viceministro de Defensa Civil, \u00d3scar Cabrera, el n\u00famero de familias afectadas por las lluvias suman 35.500, las que se ubican principalmente en el norte de La Paz, Beni y Cochabamba, lugares a los que el Ejecutivo est\u00e1 llegando con ayuda humanitaria.<br \/>\nMa\/\u00a0\u00a0\u00a0 ABI<\/p>\n<p>ABI. Copyright 1998-2013.<br \/>\n<\/span><\/p>\n","protected":false},"excerpt":{"rendered":"<p>La Paz, 4 feb (ABI).- El Gobierno evacuar\u00e1 ma\u00f1ana (mi\u00e9rcoles) a las familias que viven en las orillas del r\u00edo<\/p>\n","protected":false},"author":1,"featured_media":0,"comment_status":"open","ping_status":"open","sticky":false,"template":"","format":"standard","meta":[],"categories":[13,29],"tags":[],"_links":{"self":[{"href":"https:\/\/radiosinfronteras.com\/system\/wp-json\/wp\/v2\/posts\/274"}],"collection":[{"href":"https:\/\/radiosinfronteras.com\/system\/wp-json\/wp\/v2\/posts"}],"about":[{"href":"https:\/\/radiosinfronteras.com\/system\/wp-json\/wp\/v2\/types\/post"}],"author":[{"embeddable":true,"href":"https:\/\/radiosinfronteras.com\/system\/wp-json\/wp\/v2\/users\/1"}],"replies":[{"embeddable":true,"href":"https:\/\/radiosinfronteras.com\/system\/wp-json\/wp\/v2\/comments?post=274"}],"version-history":[{"count":2,"href":"https:\/\/radiosinfronteras.com\/system\/wp-json\/wp\/v2\/posts\/274\/revisions"}],"predecessor-version":[{"id":277,"href":"https:\/\/radiosinfronteras.com\/system\/wp-json\/wp\/v2\/posts\/274\/revisions\/277"}],"wp:attachment":[{"href":"https:\/\/radiosinfronteras.com\/system\/wp-json\/wp\/v2\/media?parent=274"}],"wp:term":[{"taxonomy":"category","embeddable":true,"href":"https:\/\/radiosinfronteras.com\/system\/wp-json\/wp\/v2\/categories?post=274"},{"taxonomy":"post_tag","embeddable":true,"href":"https:\/\/radiosinfronteras.com\/system\/wp-json\/wp\/v2\/tags?post=274"}],"curies":[{"name":"wp","href":"https:\/\/api.w.org\/{rel}","templated":true}]}}