{"id":278,"date":"2014-02-06T14:12:50","date_gmt":"2014-02-06T14:12:50","guid":{"rendered":"http:\/\/radiosinfronteras.com\/system\/?p=278"},"modified":"2014-02-17T20:43:53","modified_gmt":"2014-02-17T20:43:53","slug":"la-ingenieria-del-fraude-ii","status":"publish","type":"post","link":"https:\/\/radiosinfronteras.com\/system\/la-ingenieria-del-fraude-ii\/","title":{"rendered":"La ingenier\u00eda del fraude II"},"content":{"rendered":"<p><a href=\"http:\/\/radiosinfronteras.com\/system\/wp-content\/uploads\/2014\/02\/OVANDO_thumb.jpg\"><img decoding=\"async\" loading=\"lazy\" class=\"alignleft size-full wp-image-279\" alt=\"OVANDO_thumb\" src=\"http:\/\/radiosinfronteras.com\/system\/wp-content\/uploads\/2014\/02\/OVANDO_thumb.jpg\" width=\"379\" height=\"268\" srcset=\"https:\/\/radiosinfronteras.com\/system\/wp-content\/uploads\/2014\/02\/OVANDO_thumb.jpg 379w, https:\/\/radiosinfronteras.com\/system\/wp-content\/uploads\/2014\/02\/OVANDO_thumb-300x212.jpg 300w\" sizes=\"(max-width: 379px) 100vw, 379px\" \/><\/a>El voto en el exterior podr\u00eda ser la nueva gran cantera de irregularidades que asegure la perpetuaci\u00f3n en el poder del Movimiento Al Socialismo.<\/p>\n<p align=\"justify\">Ayer detall\u00e1bamos algunos de los elementos consignados por el investigador de la Flacso Fernando Baz\u00faa, sobre la construcci\u00f3n por dem\u00e1s curiosa del padr\u00f3n biom\u00e9trico utilizado en las elecciones del 2009, mismo que tambi\u00e9n ser\u00e1 la base para los comicios en este 2014.<\/p>\n<p align=\"justify\">Pero a esto deber\u00e1n sumarse los nuevos votantes que se adscriban al biom\u00e9trico del exterior, en inscripciones que ser\u00e1n manejadas por consulados y embajadas.<\/p>\n<p align=\"justify\">El problema es que la gran mayor\u00eda de estas legaciones no est\u00e1n en manos de diplom\u00e1ticos de carrera, que puedan asegurar alguna imparcialidad, sino de funcionarios nombrados a dedo a ra\u00edz de su filiaci\u00f3n oficialista.<\/p>\n<p align=\"justify\">Para esta ofensiva del voto en el exterior se est\u00e1 alistando un presupuesto millonario, como lo inform\u00f3 el vicepresidente del \u00d3rgano Electoral, Wilfredo Ovando, un conocido militante del MAS quien fue visto en m\u00edtines junto al presidente Evo Morales en la anterior campa\u00f1a reeleccionista.<\/p>\n<p align=\"justify\">Otro dato que indica la prioridad dada por el gobierno al sufragio fuera del pa\u00eds es la asignaci\u00f3n de las comisiones de relaciones exteriores de ambas c\u00e1maras legislativas a dos alfiles de confianza del presidente, Gabriela Monta\u00f1o y Betty Tejada, quienes ya adelantaron que se ocupar\u00e1n de contactarse con los votantes del exterior\u2026<\/p>\n","protected":false},"excerpt":{"rendered":"<p>El voto en el exterior podr\u00eda ser la nueva gran cantera de irregularidades que asegure la perpetuaci\u00f3n en el poder<\/p>\n","protected":false},"author":1,"featured_media":0,"comment_status":"open","ping_status":"open","sticky":false,"template":"","format":"standard","meta":[],"categories":[13,9],"tags":[],"_links":{"self":[{"href":"https:\/\/radiosinfronteras.com\/system\/wp-json\/wp\/v2\/posts\/278"}],"collection":[{"href":"https:\/\/radiosinfronteras.com\/system\/wp-json\/wp\/v2\/posts"}],"about":[{"href":"https:\/\/radiosinfronteras.com\/system\/wp-json\/wp\/v2\/types\/post"}],"author":[{"embeddable":true,"href":"https:\/\/radiosinfronteras.com\/system\/wp-json\/wp\/v2\/users\/1"}],"replies":[{"embeddable":true,"href":"https:\/\/radiosinfronteras.com\/system\/wp-json\/wp\/v2\/comments?post=278"}],"version-history":[{"count":2,"href":"https:\/\/radiosinfronteras.com\/system\/wp-json\/wp\/v2\/posts\/278\/revisions"}],"predecessor-version":[{"id":281,"href":"https:\/\/radiosinfronteras.com\/system\/wp-json\/wp\/v2\/posts\/278\/revisions\/281"}],"wp:attachment":[{"href":"https:\/\/radiosinfronteras.com\/system\/wp-json\/wp\/v2\/media?parent=278"}],"wp:term":[{"taxonomy":"category","embeddable":true,"href":"https:\/\/radiosinfronteras.com\/system\/wp-json\/wp\/v2\/categories?post=278"},{"taxonomy":"post_tag","embeddable":true,"href":"https:\/\/radiosinfronteras.com\/system\/wp-json\/wp\/v2\/tags?post=278"}],"curies":[{"name":"wp","href":"https:\/\/api.w.org\/{rel}","templated":true}]}}