{"id":283,"date":"2014-02-11T05:50:48","date_gmt":"2014-02-11T05:50:48","guid":{"rendered":"http:\/\/radiosinfronteras.com\/system\/?p=283"},"modified":"2014-02-11T05:59:51","modified_gmt":"2014-02-11T05:59:51","slug":"alianza-del-pacifico-integracion-y-libre-comercio-a-toda-velocidad","status":"publish","type":"post","link":"https:\/\/radiosinfronteras.com\/system\/alianza-del-pacifico-integracion-y-libre-comercio-a-toda-velocidad\/","title":{"rendered":"Alianza del Pac\u00edfico: integraci\u00f3n y libre comercio a toda velocidad"},"content":{"rendered":"<div id=\"attachment_284\" class=\"wp-caption alignleft\" style=\"width: 300px;\"><a rel=\"attachment wp-att-284\" href=\"http:\/\/radiosinfronteras.com\/system\/?attachment_id=284\"><img decoding=\"async\" loading=\"lazy\" width=\"300\" height=\"168\" class=\"size-medium wp-image-284\" title=\"alianza\" alt=\"\" src=\"http:\/\/radiosinfronteras.com\/system\/wp-content\/uploads\/2014\/02\/alianza-300x168.jpg\" srcset=\"https:\/\/radiosinfronteras.com\/system\/wp-content\/uploads\/2014\/02\/alianza-300x168.jpg 300w, https:\/\/radiosinfronteras.com\/system\/wp-content\/uploads\/2014\/02\/alianza.jpg 304w\" sizes=\"(max-width: 300px) 100vw, 300px\" \/> <\/a><\/p>\n<p class=\"wp-caption-text\">\n<\/div>\n<p>n lo que a integraci\u00f3n y libre comercio se refiere, <br \/>\nlas cosas se mueven bastante r\u00e1pido dentro de la Alianza del Pac\u00edfico, <br \/>\nel bloque conformado por M\u00e9xico, Colombia, Per\u00fa y Chile que este lunes <br \/>\nse reuni\u00f3 en la ciudad colombiana de Cartagena para celebrar su s\u00e9ptima <br \/>\ncumbre presidencial en menos de tres a\u00f1os.<br \/>\n                     Efectivamente, el plato fuerte del encuentro, <br \/>\nque reuni\u00f3 a los mandatarios de los cuatro pa\u00edses, fue la suscripci\u00f3n de<br \/>\n un acuerdo para eliminar los aranceles de importaci\u00f3n para el 92% de <br \/>\nlos bienes y servicios que comercian entre ellos.<br \/>\nY en la reuni\u00f3n tambi\u00e9n se aprob\u00f3 la &#8220;hoja de ruta&#8221; que deber\u00e1 <br \/>\npermitir el pr\u00f3ximo ingreso de Costa Rica al bloque, un proceso en el <br \/>\nque ya tambi\u00e9n va avanzando Panam\u00e1.<\/p>\n<p>                     Nada mal, si se considera que la idea de esta <br \/>\nalianza apenas se ech\u00f3 a andar hace menos de tres a\u00f1os \u2013con la <br \/>\nsuscripci\u00f3n de la Declaraci\u00f3n de Lima, en abril de 2011\u2013 y m\u00e1s de un a\u00f1o<br \/>\n despu\u00e9s de la creaci\u00f3n de la \u00faltima gran apuesta de integraci\u00f3n <br \/>\nregional: la Comunidad de Estados Latinoamericanos y Caribe\u00f1os, CELAC, <br \/>\nque apenas acaba de celebrar su segunda cumbre en La Habana.<\/p>\n<p>                     clic <br \/>\nLea tambi\u00e9n: La CELAC y los retos de la integraci\u00f3n<\/p>\n<p>                     Aunque no del todo sorprendente si se toma en <br \/>\ncuenta que todas sus naciones miembros ya ten\u00edan tratados de libre <br \/>\ncomercio entre ellos y con Estados Unidos, adem\u00e1s de un claro compromiso<br \/>\n con la liberalizaci\u00f3n comercial.<\/p>\n<p>                     &#8220;Una de las principales razones por las que <br \/>\ntiene sentido la Alianza del Pac\u00edfico es precisamente empezar a <br \/>\nconsolidar muchos de esos acuerdos. Y tiene sentido aglutinarlos sobre <br \/>\ntodo entre pa\u00edses con una visi\u00f3n similar&#8221;, le dijo a BBC Mundo Hern\u00e1n <br \/>\nVallejos, de la facultad de Econom\u00eda de la Universidad de los Andes.<\/p>\n<p>                     &#8220;Los miembros de la Alianza del Pac\u00edfico creen <br \/>\nen la integraci\u00f3n incluyente, es decir, en integrarse con pa\u00edses de <br \/>\ntodos los continentes. Mientras que algunos pa\u00edses de Am\u00e9rica Latina <br \/>\npiensan m\u00e1s en integrarse entre ellos y no tanto con otros pa\u00edses u <br \/>\notras regiones&#8221;, explic\u00f3.<\/p>\n<p>                     clic <br \/>\nLea tambi\u00e9n: Los cuatro del Pac\u00edfico que pisan fuerte<\/p>\n<p>                     &#8220;Integraci\u00f3n profunda&#8221;<br \/>\n                     Para algunos, lo anterior hace de la Alianza del<br \/>\n Pac\u00edfico m\u00e1s un ejercicio de proyecci\u00f3n de sus pa\u00edses miembros, que un <br \/>\nacuerdo destinado a transformar las din\u00e1micas comerciales entre estos.<br \/>\nY, de hecho, en sus documentos oficiales el bloque destaca sobre todo<br \/>\n que sus miembros son todos pa\u00edses con &#8220;visiones afines de desarrollo y <br \/>\npromotores del libre comercio como impulsor del crecimiento&#8221;, en claro <br \/>\ncontraste con las econom\u00edas m\u00e1s cerradas de otros pa\u00edses de la regi\u00f3n.<\/p>\n<p>                     &#8220;La idea de que estos pa\u00edses est\u00e1n dispuestos a <br \/>\nliberar (sus mercados) de forma consistente, congruente entre ellos, s\u00ed <br \/>\nes una se\u00f1al muy distinta a la que podr\u00edan estar transmitiendo pa\u00edses <br \/>\ncomo Bolivia, Ecuador o Venezuela&#8221;, admite, por ejemplo, Vallejos.<\/p>\n<p>                     &#8220;Y yo creo que la se\u00f1al es importante. Pero no <br \/>\ncoincidir\u00eda con que sea lo \u00fanico&#8221;, agreg\u00f3 sin embargo el economista de <br \/>\nUniandes, quien cree que la alianza es sobre todo un paso &#8220;en la <br \/>\ndirecci\u00f3n correcta\u2019&#8221; para &#8220;ir simplificando la mara\u00f1a de normas y <br \/>\nregulaciones que han generado los numerosos acuerdos suscritos en las <br \/>\n\u00faltimas d\u00e9cadas&#8221;.<\/p>\n<p>                     Mientras, en Cartagena, los mandatarios tambi\u00e9n <br \/>\ninsistieron en que la integraci\u00f3n pretendida por la Alianza del Pac\u00edfico<br \/>\n va mucho m\u00e1s all\u00e1 de lo estrictamente comercial.<\/p>\n<p>                     &#8220;Eliminamos, por ejemplo, esas antip\u00e1ticas visas<br \/>\n que pon\u00edan trabas a nuestros viajeros. Como consecuencia de esto, y <br \/>\nsolo para mencionar un caso, el n\u00famero de turistas colombianos que <br \/>\nvisitaron M\u00e9xico\u2026 aument\u00f3 en un 68%&#8221;, dijo durante la inauguraci\u00f3n de la<br \/>\n cumbre el presidente colombiano Juan Manuel Santos.<\/p>\n<p>                     Y los pa\u00edses de la alianza ya tambi\u00e9n han dado <br \/>\npasos concretos para integrar algunas de sus representaciones <br \/>\ndiplom\u00e1ticas, adem\u00e1s de buscar mayores acuerdos en materia de educaci\u00f3n,<br \/>\n investigaci\u00f3n cient\u00edfica \u2013especialmente en materia de medio ambiente y <br \/>\ncambio clim\u00e1tico \u2013y promoci\u00f3n cultural.<\/p>\n<p>                     clic <br \/>\nLea tambi\u00e9n: P\u00f3quer de potencias latinoamericanas en busca de integraci\u00f3n<\/p>\n<p>                     \u00bfLo comercial vs. lo pol\u00edtico?<br \/>\n                     Por lo pronto, la velocidad con la que se mueven<br \/>\n las cosas a lo interno de la Alianza del Pac\u00edfico tambi\u00e9n contrasta con<br \/>\n los tiempos de muchas de las iniciativas de integraci\u00f3n que se est\u00e1n <br \/>\ndando en la regi\u00f3n.<br \/>\n&#8220;La Alianza Pac\u00edfico\u2026 es el tipo de alianzas a las que Colombia <br \/>\ndeber\u00eda suscribirse en lugar de estar botando el tiempo en encuentros de<br \/>\n poco oficio como los de la CELAC&#8221;, se lee, por ejemplo, en una columna <br \/>\npublicada este lunes por el diario El Colombiano.<\/p>\n<p>                     &#8220;Es un ejemplo efectivo de integraci\u00f3n que se <br \/>\nfundamenta en lo comercial y en lo econ\u00f3mico (sin limitarse a ello), no <br \/>\nen lo pol\u00edtico (aspecto que es cambiante de acuerdo al gobierno de turno<br \/>\n en cada pa\u00eds)&#8221;, afirma el columnista, Pablo Jaramillo Vasco.<\/p>\n<p>                     &#8220;Y lo comercial y lo econ\u00f3mico, a diferencia de <br \/>\nlo pol\u00edtico promueve la realizaci\u00f3n de acuerdos y avances concretos en <br \/>\nmateria de integraci\u00f3n, y no simples buenas intenciones&#8221;, escribi\u00f3.<\/p>\n<p>                     No todos, sin embargo, ven con buenos ojos la <br \/>\nprofundizaci\u00f3n de la l\u00f3gica de libre comercio que parece ser el <br \/>\nprincipal motor del proceso. Y para economistas de izquierda, como el <br \/>\ncolombiano Aurelio Su\u00e1rez, la conformaci\u00f3n del bloque responde m\u00e1s a los<br \/>\n intereses de Estados Unidos que a los de los pa\u00edses de la regi\u00f3n.<\/p>\n<p>                     &#8220;Todos los pa\u00edses que est\u00e1n firmando esta <br \/>\nAlianza tienen un requisito: tener un TLC con EE.UU. Y eso le va a <br \/>\npermitir a los EE.UU. ir montando una especie de &#8216;Alquita&#8217; (que compense<br \/>\n por el fracaso de su pretendida \u00c1rea de Libre Comercio de la Am\u00e9ricas, <br \/>\nALCA)&#8221;, le dijo Su\u00e1rez a BBC Mundo.<\/p>\n<p>                     &#8220;Y tambi\u00e9n es una forma de catapultar a estos <br \/>\npa\u00edses al llamado Acuerdo Transpac\u00edfico, que EE.UU. est\u00e1 impulsado como <br \/>\nalternativa a la OMC para permitir formas mercantiles ileg\u00edtimas como el<br \/>\n dumping y el endurecimiento de las normas de propiedad intelectual y <br \/>\nas\u00ed consolidar toda una serie de nuevas reglas a favor de las grandes <br \/>\ncorporaciones&#8221;, agreg\u00f3.<\/p>\n<p>                     De hecho, el potencial para &#8220;el intercambio <br \/>\ncomercial, de inversiones, de innovaci\u00f3n y tecnolog\u00eda con el mundo, con <br \/>\nespecial \u00e9nfasis en el Pac\u00edfico asi\u00e1tico&#8221; tambi\u00e9n es una de las <br \/>\n&#8220;ventajas estrat\u00e9gicas&#8221; promocionada por la Alianza.<\/p>\n<p>                     Pero no todos comparten la visi\u00f3n negativa de <br \/>\nSu\u00e1rez \u2013quien el a\u00f1o pasado acompa\u00f1\u00f3 las protestas en contra de los <br \/>\ntratados de libre comercio de los campesinos colombianos\u2013 a la hora de <br \/>\nvalorar el impacto del nuevo mecanismo de integraci\u00f3n.<\/p>\n<p>                     Y, m\u00e1s all\u00e1 de las diferencias de opiniones <br \/>\nsobre las bondades y perjuicios de los tratados de libre comercio, lo <br \/>\ncierto es que por el momento el proceso de integraci\u00f3n de la Alianza del<br \/>\n Pac\u00edfico parece imparable. Y sus potenciales impactos mucho m\u00e1s <br \/>\nconcretos e inmediatos que los de otras iniciativas m\u00e1s incluyentes, <br \/>\npero tambi\u00e9n m\u00e1s evidentemente pol\u00edticas, que se est\u00e1n dando en la <br \/>\nregi\u00f3n.<br \/>\nBBC Mundo<\/p>\n<p><\/p>\n","protected":false},"excerpt":{"rendered":"<p>n lo que a integraci\u00f3n y libre comercio se refiere, las cosas se mueven bastante r\u00e1pido dentro de la Alianza<\/p>\n","protected":false},"author":1,"featured_media":284,"comment_status":"open","ping_status":"open","sticky":false,"template":"","format":"standard","meta":[],"categories":[9],"tags":[],"_links":{"self":[{"href":"https:\/\/radiosinfronteras.com\/system\/wp-json\/wp\/v2\/posts\/283"}],"collection":[{"href":"https:\/\/radiosinfronteras.com\/system\/wp-json\/wp\/v2\/posts"}],"about":[{"href":"https:\/\/radiosinfronteras.com\/system\/wp-json\/wp\/v2\/types\/post"}],"author":[{"embeddable":true,"href":"https:\/\/radiosinfronteras.com\/system\/wp-json\/wp\/v2\/users\/1"}],"replies":[{"embeddable":true,"href":"https:\/\/radiosinfronteras.com\/system\/wp-json\/wp\/v2\/comments?post=283"}],"version-history":[{"count":0,"href":"https:\/\/radiosinfronteras.com\/system\/wp-json\/wp\/v2\/posts\/283\/revisions"}],"wp:featuredmedia":[{"embeddable":true,"href":"https:\/\/radiosinfronteras.com\/system\/wp-json\/wp\/v2\/media\/284"}],"wp:attachment":[{"href":"https:\/\/radiosinfronteras.com\/system\/wp-json\/wp\/v2\/media?parent=283"}],"wp:term":[{"taxonomy":"category","embeddable":true,"href":"https:\/\/radiosinfronteras.com\/system\/wp-json\/wp\/v2\/categories?post=283"},{"taxonomy":"post_tag","embeddable":true,"href":"https:\/\/radiosinfronteras.com\/system\/wp-json\/wp\/v2\/tags?post=283"}],"curies":[{"name":"wp","href":"https:\/\/api.w.org\/{rel}","templated":true}]}}