{"id":2839,"date":"2021-02-19T10:05:58","date_gmt":"2021-02-19T10:05:58","guid":{"rendered":"http:\/\/radiosinfronteras.com\/system\/?p=2839"},"modified":"2021-02-19T10:09:57","modified_gmt":"2021-02-19T10:09:57","slug":"jovenes-se-visten-como-abuelas-para-vacunarse-contra-el-covid-19-en-florida","status":"publish","type":"post","link":"https:\/\/radiosinfronteras.com\/system\/jovenes-se-visten-como-abuelas-para-vacunarse-contra-el-covid-19-en-florida\/","title":{"rendered":"J\u00f3venes se visten como abuelas para vacunarse contra el COVID-19 en Florida"},"content":{"rendered":"<p><a href=\"http:\/\/radiosinfronteras.com\/system\/?attachment_id=2840\"><img decoding=\"async\" loading=\"lazy\" src=\"http:\/\/radiosinfronteras.com\/system\/wp-content\/uploads\/2021\/02\/comunxBn7TL-300x192.jpg\" alt=\"\" width=\"300px\" height=\"192px\" class=\"alignnone size-medium wp-image-2840\" srcset=\"https:\/\/radiosinfronteras.com\/system\/wp-content\/uploads\/2021\/02\/comunxBn7TL-300x192.jpg 300w, https:\/\/radiosinfronteras.com\/system\/wp-content\/uploads\/2021\/02\/comunxBn7TL-768x493.jpg 768w, https:\/\/radiosinfronteras.com\/system\/wp-content\/uploads\/2021\/02\/comunxBn7TL-1024x657.jpg 1024w, https:\/\/radiosinfronteras.com\/system\/wp-content\/uploads\/2021\/02\/comunxBn7TL.jpg 1366w\" sizes=\"(max-width: 300px) 100vw, 300px\" \/><\/a><br \/>\n EFE &#8211; 18\/02\/2021, 11:05 PM <\/p>\n<p>Ambas llegaron con gorros, guantes y anteojos al puesto de vacunaci\u00f3n del Centro de Convenciones del Condado de Orange  <\/p>\n<p>Dos mujeres \u201cde unos 20 a\u00f1os vestidas como abuelas\u201d trataron de vacunarse con la segunda dosis contra la COVID-19, pero la edad fue detectada tras la revisi\u00f3n de sus tarjetas de identidad en un puesto de vacunaci\u00f3n en Florida.<\/p>\n<p>Ambas llegaron con gorros, guantes y anteojos al puesto de vacunaci\u00f3n del Centro de Convenciones del Condado de Orange, en el centro de Florida, estado donde la prioridad son los mayores de 65 a\u00f1os.<\/p>\n<p>El caso fue reportado a la oficina del Alguacil del condado Orange, en el centro de Florida, que se\u00f1al\u00f3 que las mujeres eran menores de 65 a\u00f1os.<br \/>\nLas mujeres, sin embargo, llevaban una tarjeta v\u00e1lida de la primera dosis de la vacuna, dijo en rueda de prensa Ra\u00fal Pino, funcionario sanitario del condado de Orange.\u201cNo s\u00e9 c\u00f3mo lo lograron por primera vez, pero vinieron con guantes, anteojos, todo, y probablemente tengan 20 a\u00f1os\u201d, dijo Pino.<\/p>\n<p>El funcionario subray\u00f3 que la cantidad de personas que intentan falsificar sus identidades es probablemente m\u00e1s alta de lo que se cree.<\/p>\n<p>El n\u00famero de personas vacunadas en Florida con una poblaci\u00f3n de m\u00e1s de 21 millones de habitantes es de 2,43 millones. De ellas, 1,13 millones han recibido las dos dosis que requieren las vacunas de los laboratorios Pfizer y Moderna.<\/p>\n<p>Adem\u00e1s de los mayores de 65 a\u00f1os, por ahora solo pueden vacunarse las personas que residen en centros geri\u00e1tricos y los que las cuidan y el personal sanitario en primera l\u00ednea de la lucha contra el COVID-19.<\/p>\n<p>El gobernador de Florida, Ron DeSantis, afirm\u00f3 este jueves que un 42 % de los mayores de 65 a\u00f1os residentes en el estado ha recibido ya la vacuna contra el COVID-19 y anunci\u00f3 un aumento de la cantidad de dosis que llegan semanalmente.<\/p>\n<p>Desde el 1 de marzo de 2020 se han contagiado en Florida m\u00e1s de 1,8 millones de personas y 29,990 han muerto por el nuevo coronavirus, lo que coloca al estado en el tercer puesto por n\u00famero de casos, y en el cuarto por fallecimientos, en las tablas de la Universidad Johns Hopkins, lideradas en ambos casos por California.<\/p>\n","protected":false},"excerpt":{"rendered":"<p>EFE &#8211; 18\/02\/2021, 11:05 PM Ambas llegaron con gorros, guantes y anteojos al puesto de vacunaci\u00f3n del Centro de Convenciones<\/p>\n","protected":false},"author":1,"featured_media":2840,"comment_status":"closed","ping_status":"closed","sticky":false,"template":"","format":"standard","meta":[],"categories":[24],"tags":[],"_links":{"self":[{"href":"https:\/\/radiosinfronteras.com\/system\/wp-json\/wp\/v2\/posts\/2839"}],"collection":[{"href":"https:\/\/radiosinfronteras.com\/system\/wp-json\/wp\/v2\/posts"}],"about":[{"href":"https:\/\/radiosinfronteras.com\/system\/wp-json\/wp\/v2\/types\/post"}],"author":[{"embeddable":true,"href":"https:\/\/radiosinfronteras.com\/system\/wp-json\/wp\/v2\/users\/1"}],"replies":[{"embeddable":true,"href":"https:\/\/radiosinfronteras.com\/system\/wp-json\/wp\/v2\/comments?post=2839"}],"version-history":[{"count":0,"href":"https:\/\/radiosinfronteras.com\/system\/wp-json\/wp\/v2\/posts\/2839\/revisions"}],"wp:featuredmedia":[{"embeddable":true,"href":"https:\/\/radiosinfronteras.com\/system\/wp-json\/wp\/v2\/media\/2840"}],"wp:attachment":[{"href":"https:\/\/radiosinfronteras.com\/system\/wp-json\/wp\/v2\/media?parent=2839"}],"wp:term":[{"taxonomy":"category","embeddable":true,"href":"https:\/\/radiosinfronteras.com\/system\/wp-json\/wp\/v2\/categories?post=2839"},{"taxonomy":"post_tag","embeddable":true,"href":"https:\/\/radiosinfronteras.com\/system\/wp-json\/wp\/v2\/tags?post=2839"}],"curies":[{"name":"wp","href":"https:\/\/api.w.org\/{rel}","templated":true}]}}