{"id":2922,"date":"2021-09-13T11:50:39","date_gmt":"2021-09-13T11:50:39","guid":{"rendered":"http:\/\/radiosinfronteras.com\/system\/?p=2922"},"modified":"2021-09-13T11:52:00","modified_gmt":"2021-09-13T11:52:00","slug":"ciudadestres-muertos-al-chocar-ambulancia-en-azua","status":"publish","type":"post","link":"https:\/\/radiosinfronteras.com\/system\/ciudadestres-muertos-al-chocar-ambulancia-en-azua\/","title":{"rendered":"[Ciudades]Tres muertos al chocar ambulancia en Azua"},"content":{"rendered":"<div class=\"postie-attachments\"><a href=\"http:\/\/radiosinfronteras.com\/system\/?attachment_id=2923\"><img decoding=\"async\" loading=\"lazy\" src=\"http:\/\/radiosinfronteras.com\/system\/wp-content\/uploads\/2021\/09\/tmp_ambulancia-Azua-300x224.jpg\" alt=\"\" width=\"300px\" height=\"224px\" class=\"alignnone size-medium wp-image-2923\" srcset=\"https:\/\/radiosinfronteras.com\/system\/wp-content\/uploads\/2021\/09\/tmp_ambulancia-Azua-300x224.jpg 300w, https:\/\/radiosinfronteras.com\/system\/wp-content\/uploads\/2021\/09\/tmp_ambulancia-Azua-768x573.jpg 768w, https:\/\/radiosinfronteras.com\/system\/wp-content\/uploads\/2021\/09\/tmp_ambulancia-Azua-1024x764.jpg 1024w, https:\/\/radiosinfronteras.com\/system\/wp-content\/uploads\/2021\/09\/tmp_ambulancia-Azua.jpg 1366w\" sizes=\"(max-width: 300px) 100vw, 300px\" \/><\/a><\/div>\n<p>AZUA.- Al menos tres personas perdieron la vida, en medio de un accidente de tr\u00e1nsito registrado la tarde del domingo, en la carretera S\u00e1nchez a la altura del km.13 entrada Las Charcas.<\/p>\n<p>Los fallecidos fueron identificados como Yoselis Ramirez, de 45 a\u00f1os de edad y Jorge David Mosquea, de 27, quienes se desempe\u00f1aban como enfermera y param\u00e9dico del Hospital Regional Taiwan de Azua. Mientras que una paciente de nombre Susana Garcia, de 33 a\u00f1os, tambi\u00e9n falleci\u00f3.<\/p>\n<p>Mientras que el estado del conductor de la ambulancia se desconoce hasta el momento.<\/p>\n<p>Se supo que el veh\u00edculo de emergencia, perteneciente al municipio Pueblo Viejo, impact\u00f3 contra una caseta de concreto, mientras ca\u00eda un torrencial aguacero.<\/p>\n","protected":false},"excerpt":{"rendered":"<p>AZUA.- Al menos tres personas perdieron la vida, en medio de un accidente de tr\u00e1nsito registrado la tarde del domingo,<\/p>\n","protected":false},"author":1,"featured_media":2923,"comment_status":"closed","ping_status":"closed","sticky":false,"template":"","format":"standard","meta":[],"categories":[1],"tags":[],"_links":{"self":[{"href":"https:\/\/radiosinfronteras.com\/system\/wp-json\/wp\/v2\/posts\/2922"}],"collection":[{"href":"https:\/\/radiosinfronteras.com\/system\/wp-json\/wp\/v2\/posts"}],"about":[{"href":"https:\/\/radiosinfronteras.com\/system\/wp-json\/wp\/v2\/types\/post"}],"author":[{"embeddable":true,"href":"https:\/\/radiosinfronteras.com\/system\/wp-json\/wp\/v2\/users\/1"}],"replies":[{"embeddable":true,"href":"https:\/\/radiosinfronteras.com\/system\/wp-json\/wp\/v2\/comments?post=2922"}],"version-history":[{"count":0,"href":"https:\/\/radiosinfronteras.com\/system\/wp-json\/wp\/v2\/posts\/2922\/revisions"}],"wp:featuredmedia":[{"embeddable":true,"href":"https:\/\/radiosinfronteras.com\/system\/wp-json\/wp\/v2\/media\/2923"}],"wp:attachment":[{"href":"https:\/\/radiosinfronteras.com\/system\/wp-json\/wp\/v2\/media?parent=2922"}],"wp:term":[{"taxonomy":"category","embeddable":true,"href":"https:\/\/radiosinfronteras.com\/system\/wp-json\/wp\/v2\/categories?post=2922"},{"taxonomy":"post_tag","embeddable":true,"href":"https:\/\/radiosinfronteras.com\/system\/wp-json\/wp\/v2\/tags?post=2922"}],"curies":[{"name":"wp","href":"https:\/\/api.w.org\/{rel}","templated":true}]}}