{"id":298,"date":"2014-02-15T05:10:49","date_gmt":"2014-02-15T05:10:49","guid":{"rendered":"http:\/\/radiosinfronteras.com\/system\/?p=298"},"modified":"2014-02-15T05:14:50","modified_gmt":"2014-02-15T05:14:50","slug":"colombia-hace-un-llamado-al-dialogo-en-venezuela","status":"publish","type":"post","link":"https:\/\/radiosinfronteras.com\/system\/colombia-hace-un-llamado-al-dialogo-en-venezuela\/","title":{"rendered":"Colombia hace un llamado al di\u00e1logo en Venezuela"},"content":{"rendered":"<div id=\"attachment_299\" class=\"wp-caption alignleft\" style=\"width: 300px;\"><a rel=\"attachment wp-att-299\" href=\"http:\/\/radiosinfronteras.com\/system\/?attachment_id=299\"><img decoding=\"async\" loading=\"lazy\" width=\"300\" height=\"150\" class=\"size-medium wp-image-299\" title=\"colombia-dialogo\" alt=\"\" src=\"http:\/\/radiosinfronteras.com\/system\/wp-content\/uploads\/2014\/02\/colombia-dialogo-300x150.png\" srcset=\"https:\/\/radiosinfronteras.com\/system\/wp-content\/uploads\/2014\/02\/colombia-dialogo-300x150.png 300w, https:\/\/radiosinfronteras.com\/system\/wp-content\/uploads\/2014\/02\/colombia-dialogo.png 604w\" sizes=\"(max-width: 300px) 100vw, 300px\" \/> <\/a><\/p>\n<p class=\"wp-caption-text\">\n<\/div>\n<p>El gobierno, a trav\u00e9s de la Canciller\u00eda, lament\u00f3 los hechos de violencia.<br \/>\n                                    Ante las protestas en Venezuela, <br \/>\nque terminaron convertidas el mi\u00e9rcoles en una violenta jornada que <br \/>\ncobr\u00f3 la vida de tres personas, varios heridos y detenidos, el gobierno <br \/>\ncolombiano hizo un llamado al di\u00e1logo en el vecino pa\u00eds.<\/p>\n<p>Colombia \u201chace un llamado al di\u00e1logo abierto y respetuoso, <br \/>\nmanteniendo como norma la protecci\u00f3n de los derechos fundamentales de <br \/>\nlos ciudadanos y las libertades democr\u00e1ticas\u201d, dice un comunicado, en el<br \/>\n que adem\u00e1s lament\u00f3 los hechos de violencia y expres\u00f3 sus \u201ccondolencias a<br \/>\n las familias, al pueblo y al Gobierno de Venezuela\u201d<\/p>\n<p>La Canciller\u00eda expres\u00f3 que la estabilidad es fundamental para los <br \/>\nvenezolanos y la regi\u00f3n en general. Por esto, insta \u201ca que las <br \/>\ndiferencias se diriman de manera pac\u00edfica y por las v\u00edas democr\u00e1ticas\u201d.<\/p>\n<p>Los desmanes en Venezuela se han presentado luego de las <br \/>\nmanifestaciones protagonizadas por opositores al Gobierno que han salido<br \/>\n a las calles a reclamar por la situaci\u00f3n econ\u00f3mica que atraviesa el <br \/>\npa\u00eds, las supuestas detenciones de j\u00f3venes que distan del gobierno del <br \/>\npresidente Nicol\u00e1s Maduro y la situaci\u00f3n de seguridad que se vive en las<br \/>\n ciudades.<\/p>\n<p>El Gobierno, por su parte, ha impulsado marchas por la paz, <br \/>\nsosteniendo que se mantendr\u00e1 firme contra \u201clos fascistas\u201d que pretenden <br \/>\n\u201cdar un golpe de Estado\u201d, seg\u00fan las propias palabras del Jefe de Estado.<\/p>\n<p><\/p>\n","protected":false},"excerpt":{"rendered":"<p>El gobierno, a trav\u00e9s de la Canciller\u00eda, lament\u00f3 los hechos de violencia. Ante las protestas en Venezuela, que terminaron convertidas<\/p>\n","protected":false},"author":1,"featured_media":299,"comment_status":"open","ping_status":"open","sticky":false,"template":"","format":"standard","meta":[],"categories":[29],"tags":[],"_links":{"self":[{"href":"https:\/\/radiosinfronteras.com\/system\/wp-json\/wp\/v2\/posts\/298"}],"collection":[{"href":"https:\/\/radiosinfronteras.com\/system\/wp-json\/wp\/v2\/posts"}],"about":[{"href":"https:\/\/radiosinfronteras.com\/system\/wp-json\/wp\/v2\/types\/post"}],"author":[{"embeddable":true,"href":"https:\/\/radiosinfronteras.com\/system\/wp-json\/wp\/v2\/users\/1"}],"replies":[{"embeddable":true,"href":"https:\/\/radiosinfronteras.com\/system\/wp-json\/wp\/v2\/comments?post=298"}],"version-history":[{"count":0,"href":"https:\/\/radiosinfronteras.com\/system\/wp-json\/wp\/v2\/posts\/298\/revisions"}],"wp:featuredmedia":[{"embeddable":true,"href":"https:\/\/radiosinfronteras.com\/system\/wp-json\/wp\/v2\/media\/299"}],"wp:attachment":[{"href":"https:\/\/radiosinfronteras.com\/system\/wp-json\/wp\/v2\/media?parent=298"}],"wp:term":[{"taxonomy":"category","embeddable":true,"href":"https:\/\/radiosinfronteras.com\/system\/wp-json\/wp\/v2\/categories?post=298"},{"taxonomy":"post_tag","embeddable":true,"href":"https:\/\/radiosinfronteras.com\/system\/wp-json\/wp\/v2\/tags?post=298"}],"curies":[{"name":"wp","href":"https:\/\/api.w.org\/{rel}","templated":true}]}}