{"id":304,"date":"2014-02-15T05:51:58","date_gmt":"2014-02-15T05:51:58","guid":{"rendered":"http:\/\/radiosinfronteras.com\/system\/?p=304"},"modified":"2014-02-15T06:10:52","modified_gmt":"2014-02-15T06:10:52","slug":"juanes-desnuda-el-disco-loco-de-amor-antes-de-tlm","status":"publish","type":"post","link":"https:\/\/radiosinfronteras.com\/system\/juanes-desnuda-el-disco-loco-de-amor-antes-de-tlm\/","title":{"rendered":"Juanes desnuda el disco &#8220;Loco de Amor&#8221; antes de TLM"},"content":{"rendered":"<div id=\"attachment_305\" class=\"wp-caption alignleft\" style=\"width: 300px;\"><a rel=\"attachment wp-att-305\" href=\"http:\/\/radiosinfronteras.com\/system\/?attachment_id=305\"><img decoding=\"async\" loading=\"lazy\" width=\"300\" height=\"225\" class=\"size-medium wp-image-305\" title=\"juanes\" alt=\"\" src=\"http:\/\/radiosinfronteras.com\/system\/wp-content\/uploads\/2014\/02\/juanes-300x225.jpg\" srcset=\"https:\/\/radiosinfronteras.com\/system\/wp-content\/uploads\/2014\/02\/juanes-300x225.jpg 300w, https:\/\/radiosinfronteras.com\/system\/wp-content\/uploads\/2014\/02\/juanes.jpg 580w\" sizes=\"(max-width: 300px) 100vw, 300px\" \/> <\/a><\/p>\n<p class=\"wp-caption-text\">\n<\/div>\n<p>El artista latino de rock<br \/>\n en espa\u00f1ol m\u00e1s importante a nivel mundial revel\u00f3 detalles de su nueva <br \/>\nplaca discogr\u00e1fica antes de estrenarla en la tarima de Terra Live MusicJuanes, en el marco de los preparativos para el <br \/>\nconcierto que el 12 marzo, a las 10 PM (ET) presenta en Terra Live <br \/>\nMusic, mantuvo una conversaci\u00f3n bien \u00edntima con nuestro VJ Mauricio <br \/>\nMendoza sobre c\u00f3mo fue el proceso creativo para darle vida a su nuevo <br \/>\n\u00e1lbum &#8220;Loco De Amor&#8221;.<\/p>\n<p>\nEl cantante colombiano, que ve su participaci\u00f3n en la <br \/>\nexperiencia musical \u00fanica e interactiva de Terra como una gran <br \/>\noportunidad para expandirse mundialmente, revel\u00f3 que 11 temas conforman <br \/>\nla placa discogr\u00e1fica que sale al mercado el 11 de marzo.<\/p>\n<p>\n&#8220;El \u00e1lbum habla sobre todas las diferentes <br \/>\nperspectivas del amor y de las diferentes visiones que hay en las <br \/>\nrelaciones humanas. Es ese amor que se vuelve un delirio, un tormento y <br \/>\nque te da alegr\u00eda. Es el loco de amor que est\u00e1 feliz, pero a su vez <br \/>\nllega a la demencia y a la obsesi\u00f3n&#8221;, asegur\u00f3 el astro latino sobre lo que plasm\u00f3 en las melod\u00edas de su esperado proyecto musical.<\/p>\n<p>\n&#8220;Loco De Amor&#8221;, con canciones escritas y musicalizadas por Juanes,<br \/>\n es el primer disco en espa\u00f1ol producido por Steve Lillywhite (U2, The <br \/>\nKillers, The Rolling Stones y m\u00e1s) con la colaboraci\u00f3n de Emmanuel <br \/>\n&#8220;Meme&#8221; del Real de Caf\u00e9 Tacvba.<\/p>\n<p>\n&#8220;La Luz&#8221;, el tema punta de lanza de &#8220;Loco De Amor&#8221; se ha movido muy bien dentro del chart Latin Pop Airplay de Billboard. \t\t \t   \t\t  <\/p>\n","protected":false},"excerpt":{"rendered":"<p>El artista latino de rock en espa\u00f1ol m\u00e1s importante a nivel mundial revel\u00f3 detalles de su nueva placa discogr\u00e1fica antes<\/p>\n","protected":false},"author":1,"featured_media":305,"comment_status":"open","ping_status":"open","sticky":false,"template":"","format":"standard","meta":[],"categories":[10],"tags":[],"_links":{"self":[{"href":"https:\/\/radiosinfronteras.com\/system\/wp-json\/wp\/v2\/posts\/304"}],"collection":[{"href":"https:\/\/radiosinfronteras.com\/system\/wp-json\/wp\/v2\/posts"}],"about":[{"href":"https:\/\/radiosinfronteras.com\/system\/wp-json\/wp\/v2\/types\/post"}],"author":[{"embeddable":true,"href":"https:\/\/radiosinfronteras.com\/system\/wp-json\/wp\/v2\/users\/1"}],"replies":[{"embeddable":true,"href":"https:\/\/radiosinfronteras.com\/system\/wp-json\/wp\/v2\/comments?post=304"}],"version-history":[{"count":0,"href":"https:\/\/radiosinfronteras.com\/system\/wp-json\/wp\/v2\/posts\/304\/revisions"}],"wp:featuredmedia":[{"embeddable":true,"href":"https:\/\/radiosinfronteras.com\/system\/wp-json\/wp\/v2\/media\/305"}],"wp:attachment":[{"href":"https:\/\/radiosinfronteras.com\/system\/wp-json\/wp\/v2\/media?parent=304"}],"wp:term":[{"taxonomy":"category","embeddable":true,"href":"https:\/\/radiosinfronteras.com\/system\/wp-json\/wp\/v2\/categories?post=304"},{"taxonomy":"post_tag","embeddable":true,"href":"https:\/\/radiosinfronteras.com\/system\/wp-json\/wp\/v2\/tags?post=304"}],"curies":[{"name":"wp","href":"https:\/\/api.w.org\/{rel}","templated":true}]}}