{"id":3042,"date":"2022-03-19T11:07:49","date_gmt":"2022-03-19T11:07:49","guid":{"rendered":"http:\/\/radiosinfronteras.com\/system\/?p=3042"},"modified":"2022-03-19T11:11:03","modified_gmt":"2022-03-19T11:11:03","slug":"la-excarcelacion-del-expresidente-fujimori-divide-a-peru","status":"publish","type":"post","link":"https:\/\/radiosinfronteras.com\/system\/la-excarcelacion-del-expresidente-fujimori-divide-a-peru\/","title":{"rendered":"La excarcelaci\u00f3n del expresidente Fujimori divide a Per\u00fa"},"content":{"rendered":"<div class=\"postie-attachments\"><a href=\"http:\/\/radiosinfronteras.com\/system\/?attachment_id=3043\"><img decoding=\"async\" loading=\"lazy\" src=\"http:\/\/radiosinfronteras.com\/system\/wp-content\/uploads\/2022\/03\/tmp_202203190217211-300x200.jpeg\" alt=\"\" width=\"300px\" height=\"200px\" class=\"alignnone size-medium wp-image-3043\" srcset=\"https:\/\/radiosinfronteras.com\/system\/wp-content\/uploads\/2022\/03\/tmp_202203190217211-300x200.jpeg 300w, https:\/\/radiosinfronteras.com\/system\/wp-content\/uploads\/2022\/03\/tmp_202203190217211-768x513.jpeg 768w, https:\/\/radiosinfronteras.com\/system\/wp-content\/uploads\/2022\/03\/tmp_202203190217211-1024x684.jpeg 1024w, https:\/\/radiosinfronteras.com\/system\/wp-content\/uploads\/2022\/03\/tmp_202203190217211.jpeg 1366w\" sizes=\"(max-width: 300px) 100vw, 300px\" \/><\/a><\/div>\n<p>AP<br \/>\nPer\u00fa<\/p>\n<p>La orden para excarcelar al expresidente Alberto Fujimori, condenado a 25 a\u00f1os de prisi\u00f3n por graves violaciones a los derechos humanos entre ellos 25 asesinatos, reaviv\u00f3 las posturas irritadas entre sus cr\u00edticos y seguidores, pero tambi\u00e9n los comentarios de la ONU y la OEA.<\/p>\n<p>El rechazo gubernamental a la decisi\u00f3n del Tribunal Constitucional lleg\u00f3 al punto de que el viernes el primer ministro An\u00edbal Torres compar\u00f3 a Fujimori con el dictador nazi Adolfo Hitler. En cambio, para los seguidores del exmandatario peruano, Fujimori es un \u201ch\u00e9roe\u201d y \u201cpacificador del pa\u00eds\u201d.En una reuni\u00f3n p\u00fablica con alcaldes de los Andes, Torres dijo que nadie es juzgado por los tribunales \u201cpor sus buenas obras; se les juzga por las malas obras\u201d. A\u00f1adi\u00f3 \u201c\u00bfno fue Hitler el que convirti\u00f3 en potencia mundial a Alemania? Fue \u00e9l. Pero despu\u00e9s fue condenado no solamente por los alemanes, sino por todo el mundo por los grandes cr\u00edmenes que cometi\u00f3\u201d.<\/p>\n<p>\u201c\u00bfC\u00f3mo es que podemos tolerar a qui\u00e9n permiti\u00f3 que por ejemplo se secuestren a los estudiantes de La Cantuta, que se maltrate a esos estudiantes, que se los queme, que se los descuartice, y que se los entierre clandestinamente?\u201d, indic\u00f3 el primer ministro a los alcaldes.<\/p>\n<p>Luego indic\u00f3 \u201c\u00bfTe gustar\u00eda que a tu hija o hijo le hagan eso? \u00bfPorque son hijos ajenos te puedes quedar tranquilo, te puedes quedar tranquila? Diciendo: \u00a1Ah!, pero \u00e9se (Fujimori) hizo mucho bien al Per\u00fa, hay que reconocerle sus buenas obras\u201d.<\/p>\n<p>El presidente Pedro Castillo recibi\u00f3 a un grupo de familiares de asesinados por un escuadr\u00f3n militar clandestino apoyado por Fujimori, por cuyas muertes fue sentenciado a 25 a\u00f1os de c\u00e1rcel.<\/p>\n<p>Aunque la decisi\u00f3n es inapelable a nivel local, en la v\u00edspera el viceministro de Justicia, Juan Millones, dijo que el gobierno ir\u00e1 a la Corte Interamericana de Derechos Humanos (CorteIDH) para \u201clograr revertir\u201d el fallo ordenado por el Tribunal Constitucional, porque \u201clos asesinos y corruptos no deben ser favorecidos con ning\u00fan tipo de fallo que les permita egresar de ning\u00fan establecimiento penal\u201d.<\/p>\n<p>Keiko Fujimori, hija del exmandatario y l\u00edder de un partido opositor, dijo el viernes antes de ingresar a la c\u00e1rcel donde a\u00fan est\u00e1 su padre que su apellido genera pol\u00e9mica pero que recib\u00eda el fallo \u201ccon profunda gratitud a Dios, porque como ustedes saben mi padre es un hombre mayor y enfermo\u201d.<\/p>\n<p>El Tribunal Constitucional aprob\u00f3 en la v\u00edspera un recurso que revivi\u00f3 un pol\u00e9mico indulto humanitario otorgado a Fujimori horas antes de la Navidad de 2017 por el entonces mandatario Pedro Pablo Kuczynski. El indulto de 2017 fue anulado en 2018 por la Corte Suprema debido a una orden de la CorteIDH, el m\u00e1ximo tribunal en derechos humanos de Latinoam\u00e9rica.<\/p>\n<p>La orden para liberar a Fujimori provoc\u00f3 el jueves protestas en las principales ciudades de Per\u00fa, adem\u00e1s de una marcha de cientos por las calles de Lima. Los manifestantes llevaban carteles con frases como \u201cTribunal Constitucional corrupto\u201d o \u201cFujimori asesino y ladr\u00f3n\u201d.<\/p>\n<p>Pero un grupo de simpatizantes del exmandatario se reunieron frente a la c\u00e1rcel donde est\u00e1 preso con retratos y banderas peruanas. \u201cVivimos agradecidos por devolvernos la paz, Fujimori eres nuestro h\u00e9roe\u201d, dijo Iris Ch\u00e1vez, quien sosten\u00eda un cartel con la frase \u201cFujimori Libertad\u201d.<\/p>\n<p>El legislador fujimorista Alejandro Aguinaga, exministro de Salud de Fujimori, coment\u00f3 a la radio local RPP que a muchos les \u201cduele reconocer que ese se\u00f1or de 84 a\u00f1os que viene purgando prisi\u00f3n, pacific\u00f3 el pa\u00eds, ese se\u00f1or puso las bases del desarrollo econ\u00f3mico que hoy disfruta el pa\u00eds\u201d.<\/p>\n<p>La decisi\u00f3n del Tribunal Constitucional tambi\u00e9n provoc\u00f3 comentarios de desaprobaci\u00f3n de los \u00f3rganos de derechos humanos de Naciones Unidas y de la Organizaci\u00f3n de los Estados Americanos.<\/p>\n<p>La Oficina del Alto Comisionado para Derechos Humanos de Naciones Unidas dijo que debe respetarse los derechos de las v\u00edctimas a la justicia y el estado de derecho. A\u00f1adi\u00f3 que el derecho internacional \u201crestringe amnist\u00edas o indultos en casos de graves violaciones de derechos humanos\u201d.<\/p>\n<p>La Comisi\u00f3n Interamericana de Derechos Humanos, con sede en Washington, dijo el viernes que la decisi\u00f3n del Tribunal Constitucional \u201cafecta el derecho a la justicia de las v\u00edctimas y obstaculiza el cumplimiento de obligaciones internacionales de la CorteIDH\u201d en los casos de los 25 asesinatos por los que Fujimori fue sentenciado como autor intelectual en 2009.<\/p>\n<p>Expertos de diversas tendencias en Per\u00fa coincidieron en que la decisi\u00f3n del Tribunal Constitucional peruano puede ser revertida por la CorteIDH debido a que Per\u00fa acept\u00f3 hace 40 a\u00f1os su competencia contenciosa y debe obedecer sus decisiones.<\/p>\n<p>Por ahora Fujimori podr\u00e1 salir libre. Su abogado, C\u00e9sar Nakazaki, estim\u00f3 que su excarcelaci\u00f3n podr\u00eda ocurrir entre el lunes o martes de la pr\u00f3xima semana.<\/p>\n<p>Fujimori fue condenado por su autor\u00eda mediata en dos matanzas ejecutadas en 1991 y 1992 por militares de un grupo clandestino que aplicaba m\u00e9todos de la guerra sucia para combatir el terrorismo de Sendero Luminoso. El grupo militar, llamado Colina, funcionaba bajo la fachada de una oficina de arquitectura y recib\u00eda financiamiento p\u00fablico.<\/p>\n<p>La pr\u00f3xima liberaci\u00f3n de Fujimori -que gobern\u00f3 entre 1990 y 2000- no lo excluye de otro juicio en el que est\u00e1 acusado de ser el autor intelectual del asesinato de seis campesinos de una localidad llamada Pativilca que fueron ejecutados por el mismo grupo clandestino de militares.<\/p>\n<p>La justicia ha calculado que el grupo militar mat\u00f3 a alrededor de 53 civiles durante el gobierno de Fujimori, incluyendo a una de sus agentes a quien descuartizaron y decapitaron por sospechar que filtraba datos a la prensa. Tambi\u00e9n mataron a un periodista opositor.<\/p>\n","protected":false},"excerpt":{"rendered":"<p>AP Per\u00fa La orden para excarcelar al expresidente Alberto Fujimori, condenado a 25 a\u00f1os de prisi\u00f3n por graves violaciones a<\/p>\n","protected":false},"author":1,"featured_media":3043,"comment_status":"closed","ping_status":"closed","sticky":false,"template":"","format":"standard","meta":[],"categories":[29],"tags":[],"_links":{"self":[{"href":"https:\/\/radiosinfronteras.com\/system\/wp-json\/wp\/v2\/posts\/3042"}],"collection":[{"href":"https:\/\/radiosinfronteras.com\/system\/wp-json\/wp\/v2\/posts"}],"about":[{"href":"https:\/\/radiosinfronteras.com\/system\/wp-json\/wp\/v2\/types\/post"}],"author":[{"embeddable":true,"href":"https:\/\/radiosinfronteras.com\/system\/wp-json\/wp\/v2\/users\/1"}],"replies":[{"embeddable":true,"href":"https:\/\/radiosinfronteras.com\/system\/wp-json\/wp\/v2\/comments?post=3042"}],"version-history":[{"count":0,"href":"https:\/\/radiosinfronteras.com\/system\/wp-json\/wp\/v2\/posts\/3042\/revisions"}],"wp:featuredmedia":[{"embeddable":true,"href":"https:\/\/radiosinfronteras.com\/system\/wp-json\/wp\/v2\/media\/3043"}],"wp:attachment":[{"href":"https:\/\/radiosinfronteras.com\/system\/wp-json\/wp\/v2\/media?parent=3042"}],"wp:term":[{"taxonomy":"category","embeddable":true,"href":"https:\/\/radiosinfronteras.com\/system\/wp-json\/wp\/v2\/categories?post=3042"},{"taxonomy":"post_tag","embeddable":true,"href":"https:\/\/radiosinfronteras.com\/system\/wp-json\/wp\/v2\/tags?post=3042"}],"curies":[{"name":"wp","href":"https:\/\/api.w.org\/{rel}","templated":true}]}}