{"id":323,"date":"2014-02-17T22:36:46","date_gmt":"2014-02-17T22:36:46","guid":{"rendered":"http:\/\/radiosinfronteras.com\/system\/?p=323"},"modified":"2014-02-17T22:37:53","modified_gmt":"2014-02-17T22:37:53","slug":"gobierno-niega-declarar-en-desastre-a-beni-y-es-calificado-como-soberbio","status":"publish","type":"post","link":"https:\/\/radiosinfronteras.com\/system\/gobierno-niega-declarar-en-desastre-a-beni-y-es-calificado-como-soberbio\/","title":{"rendered":"Gobierno niega declarar en desastre a Beni y es calificado como \u201csoberbio\u201d"},"content":{"rendered":"<p><a href=\"http:\/\/radiosinfronteras.com\/system\/wp-content\/uploads\/2014\/02\/evo-beni.jpg\"><img decoding=\"async\" loading=\"lazy\" class=\"alignleft  wp-image-324\" alt=\"evo-beni\" src=\"http:\/\/radiosinfronteras.com\/system\/wp-content\/uploads\/2014\/02\/evo-beni.jpg\" width=\"360\" height=\"263\" srcset=\"https:\/\/radiosinfronteras.com\/system\/wp-content\/uploads\/2014\/02\/evo-beni.jpg 600w, https:\/\/radiosinfronteras.com\/system\/wp-content\/uploads\/2014\/02\/evo-beni-300x219.jpg 300w\" sizes=\"(max-width: 360px) 100vw, 360px\" \/><\/a>El Ministro de la Presidencia asegura que \u201cpor dignidad\u201d no se deber\u00eda acudir a la cooperaci\u00f3n internacional para socorrer a las zonas inundadas, toda vez que el Estado tiene recursos propios para asistir a los damnificados.<\/p>\n<p>Beni no ser\u00e1 declarada \u201czona de desastre\u201d, afirm\u00f3 ayer el ministro de la Presidencia, Juan Ram\u00f3n Quintana, cerrando esa posibilidad por \u201cdignidad del pueblo boliviano\u201d. Ante esta afirmaci\u00f3n, la oposici\u00f3n calific\u00f3 como \u201csoberbia y mezquina\u201d la acci\u00f3n gubernamental ante la tragedia que vive la regi\u00f3n amaz\u00f3nica, producto de las fuertes lluvias y desborde de r\u00edos.<\/p>\n<p>Quintana manifest\u00f3 que el Gobierno tiene toda la capacidad e infraestructura para cubrir las necesidades y atender a los damnificados por las lluvias, por lo que una declaratoria de esa magnitud conllevar\u00eda ser \u201cdependientes\u201d de la cooperaci\u00f3n externa.<\/p>\n<p>\u201cHay miembros pol\u00edticos que nos est\u00e1n pidiendo al Gobierno declare al Beni como zona de desastre departamental. Es algo inconsistente, pero adem\u00e1s es una maniobra pol\u00edtica partidaria innecesaria y mezquina. Adem\u00e1s, con la cooperaci\u00f3n internacional los ciudadanos se van a convertir en s\u00fabditos de la colaboraci\u00f3n y esto va a lastimar las condiciones de orgullo, autoestima a los bolivianos\u201d, dijo Quintana.<\/p>\n<p>En respuesta, la senadora de Convergencia Nacional (CN), Jeanine A\u00f1ez, dijo que no es tiempo de actuar con soberbia ante la crisis que vive el departamento de Beni que ya tiene 14 municipios inundados, muertes reportadas y cuantiosas p\u00e9rdidas en el \u00e1mbito agrario y ganadero.<\/p>\n<p>\u201cTenemos ayuda, pero de nada sirve que se almacene porque es inaccesible hacer llegar la ayuda a estos lugares, no tenemos transporte a\u00e9reo, terrestre y fluvial porque el caudal del agua no ha disminuido\u201d, dijo.<\/p>\n<p>A su turno, el diputado Andr\u00e9s Ortega (CN &#8211; ADN) considera que la negativa gubernamental responde a una estrategia pol\u00edtica que s\u00f3lo apunta a perjudicar la gesti\u00f3n del gobernador de Beni, Carmelo Lens, sin medir las consecuencias ante la poblaci\u00f3n.<\/p>\n<p>\u201cEn el Beni, la prioridad es que falle el gobernador opositor Carmelo Lens a costa de la desgracia del pueblo beniano, mezquina acci\u00f3n oficialista\u201d, cit\u00f3 en su cuenta de red social.<\/p>\n<p>Enlace Original :<\/p>\n<p>http:\/\/www.eldiario.net\/noticias\/2014\/2014_02\/nt140217\/principal.php?n=70&#038;-gobierno-niega-declarar-en-desastre-a-beni-y-es-calificado-como-sober<\/p>\n","protected":false},"excerpt":{"rendered":"<p>El Ministro de la Presidencia asegura que \u201cpor dignidad\u201d no se deber\u00eda acudir a la cooperaci\u00f3n internacional para socorrer a<\/p>\n","protected":false},"author":1,"featured_media":0,"comment_status":"open","ping_status":"open","sticky":false,"template":"","format":"standard","meta":[],"categories":[29],"tags":[],"_links":{"self":[{"href":"https:\/\/radiosinfronteras.com\/system\/wp-json\/wp\/v2\/posts\/323"}],"collection":[{"href":"https:\/\/radiosinfronteras.com\/system\/wp-json\/wp\/v2\/posts"}],"about":[{"href":"https:\/\/radiosinfronteras.com\/system\/wp-json\/wp\/v2\/types\/post"}],"author":[{"embeddable":true,"href":"https:\/\/radiosinfronteras.com\/system\/wp-json\/wp\/v2\/users\/1"}],"replies":[{"embeddable":true,"href":"https:\/\/radiosinfronteras.com\/system\/wp-json\/wp\/v2\/comments?post=323"}],"version-history":[{"count":3,"href":"https:\/\/radiosinfronteras.com\/system\/wp-json\/wp\/v2\/posts\/323\/revisions"}],"predecessor-version":[{"id":327,"href":"https:\/\/radiosinfronteras.com\/system\/wp-json\/wp\/v2\/posts\/323\/revisions\/327"}],"wp:attachment":[{"href":"https:\/\/radiosinfronteras.com\/system\/wp-json\/wp\/v2\/media?parent=323"}],"wp:term":[{"taxonomy":"category","embeddable":true,"href":"https:\/\/radiosinfronteras.com\/system\/wp-json\/wp\/v2\/categories?post=323"},{"taxonomy":"post_tag","embeddable":true,"href":"https:\/\/radiosinfronteras.com\/system\/wp-json\/wp\/v2\/tags?post=323"}],"curies":[{"name":"wp","href":"https:\/\/api.w.org\/{rel}","templated":true}]}}