{"id":328,"date":"2014-02-17T23:43:55","date_gmt":"2014-02-17T23:43:55","guid":{"rendered":"http:\/\/radiosinfronteras.com\/system\/?p=328"},"modified":"2014-02-17T23:43:55","modified_gmt":"2014-02-17T23:43:55","slug":"ricky-martin-cantara-en-punta-del-este-con-entradas-de-hasta-3-500-dolares","status":"publish","type":"post","link":"https:\/\/radiosinfronteras.com\/system\/ricky-martin-cantara-en-punta-del-este-con-entradas-de-hasta-3-500-dolares\/","title":{"rendered":"Ricky Martin cantar\u00e1 en Punta del Este con entradas de hasta 3.500 d\u00f3lares"},"content":{"rendered":"<div class=\"tx mce m-blk\">\n<p class=\"mce\" style=\"text-align: justify;\">\n<div class=\"tx mce m-blk\">\n<p class=\"mce\" style=\"text-align: justify;\"><a href=\"http:\/\/radiosinfronteras.com\/system\/wp-content\/uploads\/2014\/02\/riki-martin.jpg\"><img decoding=\"async\" loading=\"lazy\" class=\"alignleft size-full wp-image-329\" alt=\"Ricky Martin\" src=\"http:\/\/radiosinfronteras.com\/system\/wp-content\/uploads\/2014\/02\/riki-martin.jpg\" width=\"474\" height=\"318\" srcset=\"https:\/\/radiosinfronteras.com\/system\/wp-content\/uploads\/2014\/02\/riki-martin.jpg 474w, https:\/\/radiosinfronteras.com\/system\/wp-content\/uploads\/2014\/02\/riki-martin-300x201.jpg 300w\" sizes=\"(max-width: 474px) 100vw, 474px\" \/><\/a>El cantante estadounidense de origen puertorrique\u00f1o Ricky Martin ofrecer\u00e1 el pr\u00f3ximo viernes un selecto concierto en el balneario de Punta del Este en el que las entradas m\u00e1s caras llegar\u00e1n a los 3.500 d\u00f3lares y que ser\u00e1 el preludio a su participaci\u00f3n en el Festival de Vi\u00f1a del Mar (Chile).<\/p>\n<p class=\"mce\" style=\"text-align: justify;\">El recital tendr\u00e1 lugar a las 22.00 hora local (00.00 GMT del s\u00e1bado) en un lujoso hotel y casino del famoso enclave tur\u00edstico uruguayo, ubicado a unos 140 kil\u00f3metros de Montevideo.<\/p>\n<p class=\"mce\" style=\"text-align: justify;\">Ser\u00e1 la cuarta vez que el cantante boricua act\u00fae en Uruguay, en esta ocasi\u00f3n en una sala que tiene un aforo de 4.000 personas.<\/p>\n<p class=\"mce\" style=\"text-align: justify;\">En su repertorio Martin incluir\u00e1 el nuevo tema &#8220;Come with me&#8221;, que lidera la lista &#8220;Latin airplay&#8221; de Billboard y que es parte de su \u00faltimo trabajo, catalogado por el artista como el &#8220;\u00e1lbum de su vida&#8221;.<\/p>\n<p class=\"mce\" style=\"text-align: justify;\">Ganador de m\u00faltiples premios Grammy y con ventas superiores a los 70 millones de discos, el m\u00fasico actu\u00f3 recientemente en el musical &#8220;Evita&#8221; en Broadway, intervino en el popular programa de la televisi\u00f3n de EE.UU. &#8220;The Voice&#8221; y public\u00f3 el libro infantil &#8220;Santiago, el so\u00f1ador entre las estrellas&#8221;.<\/p>\n<p class=\"mce\" style=\"text-align: justify;\">Actualmente produce el tema &#8220;Vida&#8221;, seleccionado en el concurso Supercanci\u00f3n como uno de los temas oficiales del Mundial de F\u00fatbol que se disputa en Brasil a mediados de a\u00f1o.<\/p>\n<p class=\"mce\" style=\"text-align: justify;\">Seg\u00fan la organizaci\u00f3n las entradas para asistir al concierto de Martin en Punta del Este cuestan 88, 123, 203, 303, 503 y 3.500 d\u00f3lares, est\u00e1s \u00faltimas de categor\u00eda VIP.<\/p>\n<p class=\"mce\" style=\"text-align: justify;\">Despu\u00e9s de Uruguay, el int\u00e9rprete de temas tan famosos como &#8220;Mar\u00eda&#8221; o &#8220;La Copa de la Vida&#8221; viajar\u00e1 a Chile para actuar el domingo como invitado especial en el Festival de Vi\u00f1a del Mar.<\/p>\n<\/div>\n<p class=\"mce\" style=\"text-align: justify;\">El cantante estadounidense de origen puertorrique\u00f1o Ricky Martin ofrecer\u00e1 el pr\u00f3ximo viernes un selecto concierto en el balneario de Punta del Este en el que las entradas m\u00e1s caras llegar\u00e1n a los 3.500 d\u00f3lares y que ser\u00e1 el preludio a su participaci\u00f3n en el Festival de Vi\u00f1a del Mar (Chile).<\/p>\n<p class=\"mce\" style=\"text-align: justify;\">El recital tendr\u00e1 lugar a las 22.00 hora local (00.00 GMT del s\u00e1bado) en un lujoso hotel y casino del famoso enclave tur\u00edstico uruguayo, ubicado a unos 140 kil\u00f3metros de Montevideo.<\/p>\n<p class=\"mce\" style=\"text-align: justify;\">Ser\u00e1 la cuarta vez que el cantante boricua act\u00fae en Uruguay, en esta ocasi\u00f3n en una sala que tiene un aforo de 4.000 personas.<\/p>\n<p class=\"mce\" style=\"text-align: justify;\">En su repertorio Martin incluir\u00e1 el nuevo tema &#8220;Come with me&#8221;, que lidera la lista &#8220;Latin airplay&#8221; de Billboard y que es parte de su \u00faltimo trabajo, catalogado por el artista como el &#8220;\u00e1lbum de su vida&#8221;.<\/p>\n<p class=\"mce\" style=\"text-align: justify;\">Ganador de m\u00faltiples premios Grammy y con ventas superiores a los 70 millones de discos, el m\u00fasico actu\u00f3 recientemente en el musical &#8220;Evita&#8221; en Broadway, intervino en el popular programa de la televisi\u00f3n de EE.UU. &#8220;The Voice&#8221; y public\u00f3 el libro infantil &#8220;Santiago, el so\u00f1ador entre las estrellas&#8221;.<\/p>\n<p class=\"mce\" style=\"text-align: justify;\">Actualmente produce el tema &#8220;Vida&#8221;, seleccionado en el concurso Supercanci\u00f3n como uno de los temas oficiales del Mundial de F\u00fatbol que se disputa en Brasil a mediados de a\u00f1o.<\/p>\n<p class=\"mce\" style=\"text-align: justify;\">Seg\u00fan la organizaci\u00f3n las entradas para asistir al concierto de Martin en Punta del Este cuestan 88, 123, 203, 303, 503 y 3.500 d\u00f3lares, est\u00e1s \u00faltimas de categor\u00eda VIP.<\/p>\n<p class=\"mce\" style=\"text-align: justify;\">Despu\u00e9s de Uruguay, el int\u00e9rprete de temas tan famosos como &#8220;Mar\u00eda&#8221; o &#8220;La Copa de la Vida&#8221; viajar\u00e1 a Chile para actuar el domingo como invitado especial en el Festival de Vi\u00f1a del Mar.<\/p>\n<\/div>\n","protected":false},"excerpt":{"rendered":"<p>El cantante estadounidense de origen puertorrique\u00f1o Ricky Martin ofrecer\u00e1 el pr\u00f3ximo viernes un selecto concierto en el balneario de Punta<\/p>\n","protected":false},"author":1,"featured_media":0,"comment_status":"open","ping_status":"open","sticky":false,"template":"","format":"standard","meta":[],"categories":[10],"tags":[],"_links":{"self":[{"href":"https:\/\/radiosinfronteras.com\/system\/wp-json\/wp\/v2\/posts\/328"}],"collection":[{"href":"https:\/\/radiosinfronteras.com\/system\/wp-json\/wp\/v2\/posts"}],"about":[{"href":"https:\/\/radiosinfronteras.com\/system\/wp-json\/wp\/v2\/types\/post"}],"author":[{"embeddable":true,"href":"https:\/\/radiosinfronteras.com\/system\/wp-json\/wp\/v2\/users\/1"}],"replies":[{"embeddable":true,"href":"https:\/\/radiosinfronteras.com\/system\/wp-json\/wp\/v2\/comments?post=328"}],"version-history":[{"count":2,"href":"https:\/\/radiosinfronteras.com\/system\/wp-json\/wp\/v2\/posts\/328\/revisions"}],"predecessor-version":[{"id":331,"href":"https:\/\/radiosinfronteras.com\/system\/wp-json\/wp\/v2\/posts\/328\/revisions\/331"}],"wp:attachment":[{"href":"https:\/\/radiosinfronteras.com\/system\/wp-json\/wp\/v2\/media?parent=328"}],"wp:term":[{"taxonomy":"category","embeddable":true,"href":"https:\/\/radiosinfronteras.com\/system\/wp-json\/wp\/v2\/categories?post=328"},{"taxonomy":"post_tag","embeddable":true,"href":"https:\/\/radiosinfronteras.com\/system\/wp-json\/wp\/v2\/tags?post=328"}],"curies":[{"name":"wp","href":"https:\/\/api.w.org\/{rel}","templated":true}]}}