{"id":332,"date":"2014-02-18T00:04:02","date_gmt":"2014-02-18T00:04:02","guid":{"rendered":"http:\/\/radiosinfronteras.com\/system\/?p=332"},"modified":"2014-02-18T00:04:02","modified_gmt":"2014-02-18T00:04:02","slug":"las-heladas-de-ee-uu-y-canada-culpa-del-hombre","status":"publish","type":"post","link":"https:\/\/radiosinfronteras.com\/system\/las-heladas-de-ee-uu-y-canada-culpa-del-hombre\/","title":{"rendered":"Las heladas de EE.UU. y Canad\u00e1: \u00bfculpa del hombre?"},"content":{"rendered":"<p class=\"ingress\"><a href=\"http:\/\/radiosinfronteras.com\/system\/wp-content\/uploads\/2014\/02\/solar_environment_climate_control_greenhouse_thermal_analysis.jpg\"><img decoding=\"async\" loading=\"lazy\" class=\"alignleft  wp-image-333\" alt=\"Control Climatico\" src=\"http:\/\/radiosinfronteras.com\/system\/wp-content\/uploads\/2014\/02\/solar_environment_climate_control_greenhouse_thermal_analysis.jpg\" width=\"480\" height=\"250\" srcset=\"https:\/\/radiosinfronteras.com\/system\/wp-content\/uploads\/2014\/02\/solar_environment_climate_control_greenhouse_thermal_analysis.jpg 800w, https:\/\/radiosinfronteras.com\/system\/wp-content\/uploads\/2014\/02\/solar_environment_climate_control_greenhouse_thermal_analysis-300x156.jpg 300w\" sizes=\"(max-width: 480px) 100vw, 480px\" \/><\/a>No ha sido un invierno com\u00fan: el norte de Estados Unidos y gran parte de Canad\u00e1 sufrieron heladas hist\u00f3ricas y las costas del sur de Reino Unido apenas se recuperan del azote de una tormenta que inund\u00f3 numerosas viviendas en el pa\u00eds europeo.<\/p>\n<p>\u00bfLa raz\u00f3n? Parecen ser muchas razones: cambio clim\u00e1tico, corrientes de viento, cambio de rotaci\u00f3n.<\/p>\n<p>Pero seg\u00fan una investigaci\u00f3n conocida esta semana, una de las causas para el rigor inusual de este invierno parece estar relacionado con lo que se conoce como &#8220;corriente de chorro&#8221; (<em>jet stream<\/em> en ingl\u00e9s).<\/p>\n<p>Esta corriente, que determina el clima en el norte de Europa y en Am\u00e9rica del Norte, podr\u00eda estar cambiando, sugiere el informe.<\/p>\n<p>Seg\u00fan el estudio realizado por expertos de la Universidad Rutgers de Nueva Jersey, Estados Unidos, la llamada &#8220;corriente de chorro&#8221; ha tomado un camino m\u00e1s largo y enredado que el habitual.<\/p>\n<p>Por esa raz\u00f3n es que las jornadas de fr\u00edo en los \u00faltimos meses se han prolongado mucho m\u00e1s de lo esperado.<\/p>\n<p>Y el cambio en la trayectoria de esta importante corriente se debe en especial a las temperaturas en el \u00c1rtico, donde est\u00e1n aumentando dos o tres veces m\u00e1s r\u00e1pido que en otras zonas del planeta.<\/p>\n<p>La l\u00edder de la investigaci\u00f3n, la profesora Jennifer Francis, anot\u00f3 que &#8220;los patrones del clima est\u00e1n cambiando y evidentemente la gente est\u00e1 notando que en sus zonas no es lo que han vivido a\u00f1o tras a\u00f1o&#8221;.<\/p>\n<p>Para Francis est\u00e1 claro que es posible que se repita lo ocurrido en Reino Unido y en Norteam\u00e9rica.<\/p>\n<p>&#8220;Lo que vamos a observar es que va a volver a ocurrir con mayor frecuencia y con la misma duraci\u00f3n&#8221;, explic\u00f3 la cient\u00edfica.<\/p>\n","protected":false},"excerpt":{"rendered":"<p>No ha sido un invierno com\u00fan: el norte de Estados Unidos y gran parte de Canad\u00e1 sufrieron heladas hist\u00f3ricas y<\/p>\n","protected":false},"author":1,"featured_media":0,"comment_status":"open","ping_status":"open","sticky":false,"template":"","format":"standard","meta":[],"categories":[8,7],"tags":[],"_links":{"self":[{"href":"https:\/\/radiosinfronteras.com\/system\/wp-json\/wp\/v2\/posts\/332"}],"collection":[{"href":"https:\/\/radiosinfronteras.com\/system\/wp-json\/wp\/v2\/posts"}],"about":[{"href":"https:\/\/radiosinfronteras.com\/system\/wp-json\/wp\/v2\/types\/post"}],"author":[{"embeddable":true,"href":"https:\/\/radiosinfronteras.com\/system\/wp-json\/wp\/v2\/users\/1"}],"replies":[{"embeddable":true,"href":"https:\/\/radiosinfronteras.com\/system\/wp-json\/wp\/v2\/comments?post=332"}],"version-history":[{"count":1,"href":"https:\/\/radiosinfronteras.com\/system\/wp-json\/wp\/v2\/posts\/332\/revisions"}],"predecessor-version":[{"id":334,"href":"https:\/\/radiosinfronteras.com\/system\/wp-json\/wp\/v2\/posts\/332\/revisions\/334"}],"wp:attachment":[{"href":"https:\/\/radiosinfronteras.com\/system\/wp-json\/wp\/v2\/media?parent=332"}],"wp:term":[{"taxonomy":"category","embeddable":true,"href":"https:\/\/radiosinfronteras.com\/system\/wp-json\/wp\/v2\/categories?post=332"},{"taxonomy":"post_tag","embeddable":true,"href":"https:\/\/radiosinfronteras.com\/system\/wp-json\/wp\/v2\/tags?post=332"}],"curies":[{"name":"wp","href":"https:\/\/api.w.org\/{rel}","templated":true}]}}