{"id":356,"date":"2014-02-21T17:56:38","date_gmt":"2014-02-21T17:56:38","guid":{"rendered":"http:\/\/radiosinfronteras.com\/system\/?p=356"},"modified":"2014-02-21T17:57:14","modified_gmt":"2014-02-21T17:57:14","slug":"ruben-blades-responde-a-maduro-llevo-junto-a-mi-alma-a-venezuela","status":"publish","type":"post","link":"https:\/\/radiosinfronteras.com\/system\/ruben-blades-responde-a-maduro-llevo-junto-a-mi-alma-a-venezuela\/","title":{"rendered":"Rub\u00e9n Blades responde a Maduro: Llevo junto a mi alma a Venezuela"},"content":{"rendered":"<div id=\"attachment_357\" class=\"wp-caption alignleft\" style=\"width: 270px;\"><a rel=\"attachment wp-att-357\" href=\"http:\/\/radiosinfronteras.com\/system\/?attachment_id=357\"><img decoding=\"async\" loading=\"lazy\" width=\"270\" height=\"151\" class=\"size-medium wp-image-357\" title=\"blades\" alt=\"\" src=\"http:\/\/radiosinfronteras.com\/system\/wp-content\/uploads\/2014\/02\/blades.jpg\" \/> <\/a><\/p>\n<p class=\"wp-caption-text\">\n<\/div>\n<p>El cantante, Rub\u00e9n Blades, contest\u00f3 ayer a <br \/>\nlas declaraciones del presidente Nicol\u00e1s Maduro sobre el escrito que <br \/>\npublicara el salsero en su p\u00e1gina web. <br \/>\nEl paname\u00f1o dio las gracias al mandatario por <br \/>\n&#8220;otorgar la atenci\u00f3n de su valioso tiempo&#8221; a sus palabras y enumer\u00f3 <br \/>\nvarios comentarios que justifican sus comentarios sobre la situaci\u00f3n en <br \/>\nVenezuela. <br \/>\nBlades mostr\u00f3 sus dudas al decir que &#8220;hoy <br \/>\nVenezuela no es una Naci\u00f3n unida: es un pa\u00eds cuya poblaci\u00f3n est\u00e1 <br \/>\npolarizada pol\u00edticamente, una sociedad sumida en contradicciones obvias,<br \/>\n con un gobierno electo por un estrecho margen, 1.49%&#8221;, dijo, y agreg\u00f3 <br \/>\nque &#8220;Ese gobierno, sin embargo, est\u00e1 decidido a imponer un sistema <br \/>\npol\u00edtico\/econ\u00f3mico (que no califico ni descalifico), pero que obviamente<br \/>\n no es aceptado por la mayor\u00eda de la poblaci\u00f3n. En una situaci\u00f3n como la<br \/>\n descrita, parece recomendable realizar una consulta nacional para que <br \/>\nel pueblo tome su decisi\u00f3n. Sin ello, lo que se percibe es eso, una <br \/>\nimposici\u00f3n&#8221;. <br \/>\nAdvirti\u00f3 que no cree que el presidente Maduro <br \/>\nposea una mayor\u00eda representativa &#8220;que justifique lo que le est\u00e1 haciendo<br \/>\n al pa\u00eds&#8221;. <br \/>\n&#8220;La oposici\u00f3n, mezcla de lo que existi\u00f3 en el <br \/>\npasado pol\u00edtico de Venezuela y de lo nuevo que hoy lucha por hacerse <br \/>\nrespetar y considerar, no est\u00e1 formada por cuatro gatos fascistas, como <br \/>\nse pretende hacer ver&#8221;, agreg\u00f3. <br \/>\nEl m\u00fasico se expres\u00f3 en cuanto al alma venezolana:<br \/>\n &#8220;la conozco muy bien porque la llevo dentro, sin etiquetas, junto a mi <br \/>\nalma paname\u00f1a y latinoamericana. Ese argumento no entra en esta <br \/>\ndiscusi\u00f3n (&#8230;) No necesito ir a Venezuela para encontrar a su alma, <br \/>\nporque ella va conmigo adonde sea que yo vaya&#8221;.<\/p>\n<p>A continuaci\u00f3n la carta completa:<br \/>\nSe\u00f1or Presidente Maduro,<br \/>\nHe tenido la oportunidad de ver un v\u00eddeo en el que<br \/>\n se dirige a mi persona, en ocasi\u00f3n de una nota que he publicado en mi <br \/>\np\u00e1gina de internet. No acostumbro responder comentarios, pero me siento <br \/>\nobligado a referirme a sus palabras por el hecho concreto de que en el <br \/>\nv\u00eddeo mencionado, usted me nombra directamente. Espero que el dicho <br \/>\nv\u00eddeo no resulte una falsificaci\u00f3n como las que hoy abundan en internet,<br \/>\n y si lo fuera, confieso que es de muy buena calidad.<br \/>\nCon el respeto que merece su condici\u00f3n de <br \/>\nPresidente, y como tal, representante de una Naci\u00f3n, debo iniciar esta <br \/>\nnota agradeciendo el tono general de su comentario a mi escrito. Me <br \/>\ncomplace entender en su gesto amable, que comprendi\u00f3 la buena intenci\u00f3n <br \/>\nde mis pensamientos, hechos con el coraz\u00f3n puesto en el pueblo <br \/>\nvenezolano.<br \/>\nSin \u00e1nimo de entablar duelos epistolares, comento <br \/>\nsolamente con la intenci\u00f3n de aclarar algunos de los temas por usted <br \/>\nexpuestos en el d\u00eda de ayer, que me ata\u00f1en de manera personal.<br \/>\n1. Los comentarios expresados por m\u00ed, en relaci\u00f3n <br \/>\ncon la dif\u00edcil situaci\u00f3n que hoy vive Venezuela, no son derivados de las<br \/>\n noticias de CNN, o de Univisi\u00f3n, o cualesquiera otra fuente noticiosa, <br \/>\n\u201cimperialista\u201d o no. Nacen de cartas, comentarios y de reflexiones <br \/>\nhechas por amigos, dentro y fuera de Venezuela, y de la lectura <br \/>\ncuidadosa y anal\u00edtica de innumerables publicaciones, tanto afectas como <br \/>\nantagonistas a su gobierno. El car\u00e1cter diverso del material que <br \/>\nusualmente escojo para mis lecturas, tiende a nutrir amplia y <br \/>\nobjetivamente mis puntos de vista.<br \/>\n2. No me he sumado, consciente o <br \/>\ninconscientemente, a ning\u00fan tipo de complot orquestado por la C.I.A., ni<br \/>\n formo parte de ning\u00fan \u201cLobby Internacional\u201d con el prop\u00f3sito de crear <br \/>\nmala publicidad para gobierno alguno. Me sorprende escuchar una vez m\u00e1s <br \/>\neste tipo de acusaciones, en pleno siglo XXI, cuando deb\u00edamos haber <br \/>\nsuperado ese asunto de las etiquetas. Si critico a alguien que se <br \/>\nconsidera de izquierda, soy de la CIA; si critico a quien se considera <br \/>\nde derecha, entonces soy comunista; cuando critico al militarismo, soy <br \/>\n\u201csubversivo\u201d.<br \/>\n3. Considero como una verdad, el hecho de que el <br \/>\nextinto Presidente Ch\u00e1vez haya demostrado, con sus consecutivas <br \/>\nelecciones ganadas, el desprestigio de la partidocracia tradicional en <br \/>\nVenezuela, y el deseo de cambio expresado libremente en las urnas por la<br \/>\n voluntad popular. Pero tambi\u00e9n es verdad que hoy Venezuela no es una <br \/>\nNaci\u00f3n unida: es un pa\u00eds cuya poblaci\u00f3n est\u00e1 polarizada pol\u00edticamente, <br \/>\nuna sociedad sumida en contradicciones obvias, con un gobierno electo <br \/>\npor un estrecho margen, 1.49%, que no alcanz\u00f3 el 51% de los votos de <br \/>\nalrededor de un 80% de la poblaci\u00f3n votante y con un ausentismo <br \/>\nelectoral del 20.32%. Ese gobierno, sin embargo, est\u00e1 decidido a imponer<br \/>\n un sistema pol\u00edtico\/econ\u00f3mico (que no califico ni descalifico), pero <br \/>\nque obviamente no es aceptado por la mayor\u00eda de la poblaci\u00f3n. En una <br \/>\nsituaci\u00f3n como la descrita, parece recomendable realizar una consulta <br \/>\nnacional para que el pueblo tome su decisi\u00f3n. Sin ello, lo que se <br \/>\npercibe es eso, una imposici\u00f3n. Creo que su gobierno, Presidente Maduro,<br \/>\n no posee la mayor\u00eda representativa que justifique lo que le est\u00e1 <br \/>\nhaciendo al pa\u00eds. Por otro lado, la oposici\u00f3n, mezcla de lo que existi\u00f3 <br \/>\nen el pasado pol\u00edtico de Venezuela y de lo nuevo que hoy lucha por <br \/>\nhacerse respetar y considerar, no est\u00e1 formada por cuatro gatos <br \/>\nfascistas, como se pretende hacer ver. Es una vital cantidad de <br \/>\npersonas. En estas circunstancias, la realidad de Venezuela es hoy como <br \/>\nser\u00eda la de una casa donde la familia esta dividida, y existen <br \/>\nhabitaciones en las que la otra mitad no puede vivir, ni transitar. La <br \/>\nVenezuela de hoy no es la Naci\u00f3n que todos sus habitantes desean, es una<br \/>\n versi\u00f3n de pa\u00eds a la que s\u00f3lo parece apoyar el 50% de la poblaci\u00f3n, <br \/>\ntomando en cuenta el total de los votos emitidos en las elecciones del <br \/>\n2013. Esa realidad determina la necesidad de considerar una modificaci\u00f3n<br \/>\n del rumbo presente, en busca de un balance que permita el desarrollo <br \/>\ndel argumento nacional en sus propios t\u00e9rminos, m\u00e1s realista y menos <br \/>\nagresivo; una Venezuela en la que no sean necesarios los gritos de <br \/>\n\u201cPatria o Muerte\u201d, entre hermanos.<br \/>\n4. Como los Chavistas se auto-definen como <br \/>\n\u201cSocialistas\u201d, debemos asumir que comprenden de lo que hablan, y que han<br \/>\n estudiado a quienes inicialmente convirtieron las teor\u00edas sociales de <br \/>\nMarx y Engels, en propuestas experimentales del socialismo y el <br \/>\ncomunismo, particularmente en Rusia, tras la revoluci\u00f3n bolchevique de <br \/>\n1917. Deben conocer, por ejemplo, los comentarios vertidos por Vladimir <br \/>\nIlich Lenin en su folleto titulado, \u201cLa Enfermedad Infantil del <br \/>\nIzquierdismo en el Comunismo\u201d, (este t\u00edtulo no es un artificio al estilo<br \/>\n Borges, as\u00ed lo titul\u00f3 el propio Lenin y si no lo creen, pregunten a <br \/>\nFidel, que \u00e9l debe haberlo le\u00eddo). En ese escrito cita Lenin los errores<br \/>\n que se cometen en nombre del izquierdismo, por no considerar las <br \/>\ncircunstancias objetivas a la hora de tomar decisiones, y peor a\u00fan, las <br \/>\nconsecuencias hist\u00f3ricas que produce no reconocer y rectificar dichos <br \/>\nerrores. All\u00ed describe c\u00f3mo, en 1918, los camaradas Radek y Bujarin, <br \/>\nm\u00e1ximos representantes del entonces llamado \u201cComunismo de Izquierda\u201d, <br \/>\nfueron obligados a reconocer p\u00fablicamente su error, al no comprender ni <br \/>\naceptar inicialmente que, el argumento para justificar la Paz de Brest, <br \/>\nno constitu\u00eda necesariamente un compromiso con los imperialistas, sino <br \/>\nque obedec\u00eda a una necesidad pol\u00edtica determinada por las condiciones <br \/>\nobjetivas del momento, algo que Lenin describi\u00f3 como un \u201cdo ut des\u201d, un <br \/>\nte doy para que me des. La met\u00e1fora que hace Lenin sobre asaltantes y <br \/>\nasaltados aclara muy bien el argumento. \u00bfNo es, acaso, un \u201cdo ut des\u201d el<br \/>\n acuerdo que tiene Venezuela con el \u201cimperialismo\u201d en el caso del <br \/>\npetr\u00f3leo venezolano, que suple a Estados Unidos a cambio de los d\u00f3lares <br \/>\nque necesita la econom\u00eda del pa\u00eds?<br \/>\n5. Este mismo criterio indicar\u00eda que, en las <br \/>\npresentes circunstancias, no resulta apropiado que su gobierno imponga <br \/>\nsus deseos, o desconozca, o pretenda ignorar la validez de los <br \/>\nargumentos planteados por sus cr\u00edticos venezolanos. No creo que es a <br \/>\ntrav\u00e9s de la represi\u00f3n, la censura, o el recurso demag\u00f3gico que se <br \/>\nproduce la respuesta racional a una condici\u00f3n objetiva inobjetable. Tal <br \/>\nactitud solo provocar\u00eda m\u00e1s violencia, que generar\u00eda la posibilidad de <br \/>\nuna ingobernabilidad, un vac\u00edo pol\u00edtico que podr\u00eda ser llenado con un <br \/>\ngolpe militar, la \u00fanica instituci\u00f3n con la capacidad de organizaci\u00f3n y <br \/>\npoder coercitivo para enfrentar el caos institucional y civil <br \/>\nresultantes.<br \/>\n6. Nunca he estado, no estoy, ni estar\u00e9 de acuerdo<br \/>\n con intervenciones armadas del pa\u00eds que sea en los asuntos internos de <br \/>\nnuestras naciones. Categ\u00f3ricamente lo digo. El m\u00edo sufri\u00f3 ese mal, y no <br \/>\nlo justifico de ninguna manera.<br \/>\n7. Aunque agradezco su invitaci\u00f3n a visitar <br \/>\nVenezuela, no considero apropiado aceptar en este momento. Tal visita <br \/>\npodr\u00eda ser considerada como un endoso a su gesti\u00f3n y a la posici\u00f3n de su<br \/>\n gobierno. De igual forma, tampoco aceptar\u00eda una invitaci\u00f3n en tal <br \/>\nsentido por parte de los que lo oponen; no ahora. Y para aclarar a\u00fan m\u00e1s<br \/>\n este punto, he recibido tambi\u00e9n ofrecimientos de trabajo importantes <br \/>\npara ir a Venezuela este a\u00f1o, y de igual manera las he rechazado porque <br \/>\nno me parece correcto hacerlo en las actuales circunstancias que vive el<br \/>\n pa\u00eds.<br \/>\n8. En cuanto al \u201calma venezolana\u201d, se\u00f1or <br \/>\nPresidente, y a la nobleza de su pueblo, la conozco muy bien porque la <br \/>\nllevo dentro, sin etiquetas, junto a mi alma paname\u00f1a y latinoamericana.<br \/>\n Ese argumento no entra en esta discusi\u00f3n. Esa alma, adem\u00e1s, me la <br \/>\nencuentro dentro y fuera de ese noble pa\u00eds, desde mi primera visita en <br \/>\nlos a\u00f1os 60. Y se acrecienta con los a\u00f1os y se reaviva en mi amistad con<br \/>\n C\u00e9sar Miguel Rond\u00f3n, Pedro Leon Zapata, el finado, pero aun amigo, Jos\u00e9<br \/>\n Ignacio Cabrujas; Jonathan Yakubowicz, Edgar Ramirez, Budu, Oscar de <br \/>\nLe\u00f3n, Clarita Campins, Marilda Vera, Gustavo Dudamel, Ozzy Guill\u00e9n, el <br \/>\ngran Luis Aparicio; en mi admiraci\u00f3n por Don Sim\u00f3n D\u00edaz -cuya <br \/>\ndesaparici\u00f3n justamente hoy tenemos que llorar- Aldemaro Romero, el <br \/>\nProfesor Abreu y tantos otros magn\u00edficos expositores del talento, <br \/>\ncapacidad y nobleza del pueblo de Bol\u00edvar. Todos ellos me refuerzan la <br \/>\npresencia de esa alma. Y quiz\u00e1s ninguna me resuene por dentro m\u00e1s <br \/>\nrepresentativa que la de mi querido y recordado amigo, Luis Santiago, <br \/>\nque se nos fue joven, durante la tragedia de La Guaira del \u201999, y por <br \/>\neso ser\u00e1 joven eternamente, igual que el inspirador ejemplo planteado <br \/>\npor la excelencia de los j\u00f3venes de El Sistema, el grupo de las <br \/>\nOrquestas y el vocal, todos maravillosos ejemplos de lo que logra el <br \/>\ntrabajo, la disciplina y la esperanza de ser mejores. Sin alharacas, ni <br \/>\nalaridos panfletarios, con la gu\u00eda de maestros venezolanos, el sector <br \/>\npopular demuestra su calidad mundial.<br \/>\nNo necesito ir a Venezuela para encontrar a su alma, porque ella va conmigo adonde sea que yo vaya, desde hace tiempo ya.<br \/>\n9. No deja de tener credibilidad la afirmaci\u00f3n de <br \/>\nque, bajo gobiernos de lo que se denomina izquierda, se crean m\u00e1s <br \/>\noportunidades para el sector popular. Por regla general, los gobiernos <br \/>\nque se dicen de derecha se preocupan m\u00e1s por sus intereses particulares <br \/>\nque por los del pueblo al que alegadamente representan. Pero creo que <br \/>\nhay distintas versiones con las que tipificar el empoderamiento del que <br \/>\nusted habla (entendiendo que \u201cempoderar\u201d significa el dar posibilidad de<br \/>\n hacer y poder) al \u201cPablo Pueblo\u201d que describo en mi canci\u00f3n. Una de <br \/>\nellas es creando el espacio para que su dignidad sea respetada y sus <br \/>\nderechos tambi\u00e9n. Otra es brindando la oportunidad para desarrollar su <br \/>\ncapacidad, no solo con subsidios que lo hagan dependiente de otros, o <br \/>\nque estimulan los peores instintos que todos poseemos. Para m\u00ed, la <br \/>\nverdadera revoluci\u00f3n social es la que entrega mejor calidad de vida a <br \/>\ntodos, la que satisface las necesidades de la especie humana, incluida <br \/>\nla necesidad de ser reconocidos y de llegar al estadio de <br \/>\nauto-realizaci\u00f3n, la que entrega oportunidad sin esperar servidumbre en <br \/>\ncambio. Eso, desafortunadamente, no ha ocurrido todav\u00eda con ninguna <br \/>\nrevoluci\u00f3n.<br \/>\nLe expreso mis opiniones, Se\u00f1or Presidente, sin <br \/>\nodio, sin agendas secretas, iron\u00edas, ni intereses subrepticios. Reitero <br \/>\nmi agradecimiento por el tono de su conversaci\u00f3n y por su consideraci\u00f3n <br \/>\nal otorgar la atenci\u00f3n de su valioso tiempo a las palabras de este <br \/>\npaname\u00f1o de Latinoam\u00e9rica.<br \/>\n    Termino con una especie de ruego a los bandos <br \/>\nenfrentados en la querida Venezuela: empiecen a sumar y dejen ya de <br \/>\nrestar. Y que se detengan los insultos y la diatriba, para que los <br \/>\nvenezolanos empiecen a conversar; que el silencio es el mejor pre\u00e1mbulo a<br \/>\n un di\u00e1logo razonado.<br \/>\n    Viva Venezuela!<br \/>\n    Atentamente,<br \/>\n    Rub\u00e9n Blades<br \/>\n    20 de Febrero, 2014<br \/>\nTomado de: El-nacional.com \t\t \t   \t\t  <\/p>\n","protected":false},"excerpt":{"rendered":"<p>El cantante, Rub\u00e9n Blades, contest\u00f3 ayer a las declaraciones del presidente Nicol\u00e1s Maduro sobre el escrito que publicara el salsero<\/p>\n","protected":false},"author":1,"featured_media":357,"comment_status":"open","ping_status":"open","sticky":false,"template":"","format":"standard","meta":[],"categories":[13],"tags":[],"_links":{"self":[{"href":"https:\/\/radiosinfronteras.com\/system\/wp-json\/wp\/v2\/posts\/356"}],"collection":[{"href":"https:\/\/radiosinfronteras.com\/system\/wp-json\/wp\/v2\/posts"}],"about":[{"href":"https:\/\/radiosinfronteras.com\/system\/wp-json\/wp\/v2\/types\/post"}],"author":[{"embeddable":true,"href":"https:\/\/radiosinfronteras.com\/system\/wp-json\/wp\/v2\/users\/1"}],"replies":[{"embeddable":true,"href":"https:\/\/radiosinfronteras.com\/system\/wp-json\/wp\/v2\/comments?post=356"}],"version-history":[{"count":0,"href":"https:\/\/radiosinfronteras.com\/system\/wp-json\/wp\/v2\/posts\/356\/revisions"}],"wp:featuredmedia":[{"embeddable":true,"href":"https:\/\/radiosinfronteras.com\/system\/wp-json\/wp\/v2\/media\/357"}],"wp:attachment":[{"href":"https:\/\/radiosinfronteras.com\/system\/wp-json\/wp\/v2\/media?parent=356"}],"wp:term":[{"taxonomy":"category","embeddable":true,"href":"https:\/\/radiosinfronteras.com\/system\/wp-json\/wp\/v2\/categories?post=356"},{"taxonomy":"post_tag","embeddable":true,"href":"https:\/\/radiosinfronteras.com\/system\/wp-json\/wp\/v2\/tags?post=356"}],"curies":[{"name":"wp","href":"https:\/\/api.w.org\/{rel}","templated":true}]}}