{"id":362,"date":"2014-02-22T03:59:02","date_gmt":"2014-02-22T03:59:02","guid":{"rendered":"http:\/\/radiosinfronteras.com\/system\/?p=362"},"modified":"2014-02-22T04:04:26","modified_gmt":"2014-02-22T04:04:26","slug":"preparan-eeuu-serie-de-television-sobre-familia-mexicana-con-sindrome-de-lobo","status":"publish","type":"post","link":"https:\/\/radiosinfronteras.com\/system\/preparan-eeuu-serie-de-television-sobre-familia-mexicana-con-sindrome-de-lobo\/","title":{"rendered":"Preparan EEUU serie de televisi\u00f3n sobre familia mexicana con s\u00edndrome de lobo"},"content":{"rendered":"<div id=\"attachment_363\" class=\"wp-caption alignleft\" style=\"width: 300px;\"><a rel=\"attachment wp-att-363\" href=\"http:\/\/radiosinfronteras.com\/system\/?attachment_id=363\"><img decoding=\"async\" loading=\"lazy\" width=\"300\" height=\"200\" class=\"size-medium wp-image-363\" title=\"Mandira Budhathoki poses for a photograph as she plays outside her home in Kharay, Dolkha District\" alt=\"\" src=\"http:\/\/radiosinfronteras.com\/system\/wp-content\/uploads\/2014\/02\/lo-300x200.jpg\" srcset=\"https:\/\/radiosinfronteras.com\/system\/wp-content\/uploads\/2014\/02\/lo-300x200.jpg 300w, https:\/\/radiosinfronteras.com\/system\/wp-content\/uploads\/2014\/02\/lo-1024x682.jpg 1024w\" sizes=\"(max-width: 300px) 100vw, 300px\" \/> <\/a><\/p>\n<p class=\"wp-caption-text\">\n<\/div>\n<p> El actor y productor mexicano Ra\u00fal Julia Levy prepara una serie <br \/>\nsobre los Aceves G\u00f3mez, una excepcional familia mexicana que sufre una <br \/>\ncondici\u00f3n catalogada por algunos miembros de la comunidad cient\u00edfica <br \/>\ncomo &#8220;el s\u00edndrome del lobo&#8221;, ya que el 98 por ciento de su cuerpo est\u00e1 <br \/>\ncubierto de pelo.<\/p>\n<p>De acuerdo con el libro Guinness de Records Mundiales en su edici\u00f3n <br \/>\nde 2014, hasta el momento, esta es la \u00fanica familia con esta singular <br \/>\ncaracter\u00edstica en el mundo entero.<\/p>\n<p>Julia Levy se interes\u00f3 en la historia de esta familia algunos a\u00f1os <br \/>\natr\u00e1s, cuando vio un programa televisivo sobre un joven de esa familia <br \/>\nque trabajaba en un circo mexicano.<\/p>\n<p>La inusual realidad de estas personas, unida a su horror al ver la <br \/>\ndiscriminaci\u00f3n de la que eran objeto, despert\u00f3 la compasi\u00f3n y la <br \/>\ncuriosidad de Julia Levy. Pero, sobre todo, atiz\u00f3 su deseo de ahondar en<br \/>\n el misterio.<\/p>\n<p>&#8220;Lo interesante de esta serie es atraer la atenci\u00f3n de la comunidad <br \/>\ncient\u00edfica internacional para ver qu\u00e9 se puede descubrir sobre este <br \/>\ns\u00edndrome, tambi\u00e9n conocido como &#8216;el ADN del lobo&#8217;, y sus genes. Para m\u00ed <br \/>\nen lo personal todo tiene una explicaci\u00f3n&#8221;, se\u00f1al\u00f3 a Efe Julia Levy <br \/>\ndurante un descanso en la producci\u00f3n del programa que lleva por t\u00edtulo <br \/>\n&#8220;Decodificando al hombre lobo&#8221;.<\/p>\n<p>El tambi\u00e9n actor anunci\u00f3 que la serie, que coproduce con el actor <br \/>\nestadounidense Richard Grieco a trav\u00e9s de la compa\u00f1\u00eda productora <br \/>\nRelativity Media, se estrenar\u00e1 este verano en Estados Unidos, M\u00e9xico y <br \/>\nEspa\u00f1a. Las cadenas que la transmitir\u00e1n a\u00fan no han sido anunciadas.<\/p>\n<p>Aunque el tema es inusual, de acuerdo con Julia Levy, el prop\u00f3sito de esta serie no es despertar el morbo.<br \/>\n&#8220;Todos hemos visto los llamados reality shows, que algunos son un <br \/>\nveneno para la cultura&#8221;, se\u00f1al\u00f3 y agreg\u00f3 que su programa es diferente.<\/p>\n<p>Por el contrario, matiz\u00f3, su meta es encontrar el com\u00fan denominador <br \/>\nque hace de esas personas una parte, quiz\u00e1s hasta ahora desconocida por <br \/>\nla ciencia, de la raza humana.<\/p>\n<p>&#8220;Estamos haciendo la serie para educar a las masas. Esta familia <br \/>\ntiene mucho que aportar y la base de la cultura es la educaci\u00f3n&#8221;, opin\u00f3.<\/p>\n<p>Y es que para Ra\u00fal Julia Levy, explorar los misterios del mundo no es s\u00f3lo una labor de amor, sino una misi\u00f3n de vida.<\/p>\n<p>&#8220;Sobre todo en esta \u00e9poca con el fen\u00f3meno del bullying, cuando tantas<br \/>\n personas son v\u00edctimas de ataques de otros por ser diferentes e <br \/>\nincomprendidas&#8221;, apunt\u00f3.<\/p>\n<p>Grieco se\u00f1al\u00f3, por su parte, que a pesar de las diferencias que <br \/>\npueden marcar a estas personas, esta es una historia universal y <br \/>\nprofundamente humana, &#8220;con maravillosos valores familiares que expone la<br \/>\n ignorancia moral de algunas personas. Por eso es necesaria&#8221;, asever\u00f3.<\/p>\n<p>Adem\u00e1s de este programa, Julia Levy est\u00e1 preparando otra serie de <br \/>\ntelevisi\u00f3n que comenzar\u00e1 a filmarse este verano en varias localidades.<\/p>\n<p>Se trata de &#8220;Captivity&#8221;, un reality show que relata el tit\u00e1nico <br \/>\nesfuerzo de un grupo de actores y activistas de todas partes del mundo, <br \/>\nentre ellos algunas celebridades, que buscan exponer la brutalidad a la <br \/>\nque son sometidos los animales en cautiverio.<\/p>\n<p>Este tema es muy importante para los coproductores, que durante a\u00f1os <br \/>\nhan trabajado en pro de los derechos de los animales en cautiverio.<\/p>\n<p>&#8220;Por ejemplo, vamos a hablar sobre Lolita, la ballena del Miami <br \/>\nSeaquarium, as\u00ed como la matanza de los delfines en Jap\u00f3n&#8221;, detall\u00f3.<br \/>\nJulia Levy participar\u00e1 en la serie al lado de Grieco y figuras como <br \/>\nElton John, RZA y un grupo de bi\u00f3logos marinos, as\u00ed como activistas de <br \/>\nvarias partes del mundo, seg\u00fan manifest\u00f3, matizando la pasi\u00f3n que <br \/>\nprovoca en \u00e9l este tema. <\/p>\n<p><\/p>\n","protected":false},"excerpt":{"rendered":"<p>El actor y productor mexicano Ra\u00fal Julia Levy prepara una serie sobre los Aceves G\u00f3mez, una excepcional familia mexicana que<\/p>\n","protected":false},"author":1,"featured_media":363,"comment_status":"open","ping_status":"open","sticky":false,"template":"","format":"standard","meta":[],"categories":[10],"tags":[],"_links":{"self":[{"href":"https:\/\/radiosinfronteras.com\/system\/wp-json\/wp\/v2\/posts\/362"}],"collection":[{"href":"https:\/\/radiosinfronteras.com\/system\/wp-json\/wp\/v2\/posts"}],"about":[{"href":"https:\/\/radiosinfronteras.com\/system\/wp-json\/wp\/v2\/types\/post"}],"author":[{"embeddable":true,"href":"https:\/\/radiosinfronteras.com\/system\/wp-json\/wp\/v2\/users\/1"}],"replies":[{"embeddable":true,"href":"https:\/\/radiosinfronteras.com\/system\/wp-json\/wp\/v2\/comments?post=362"}],"version-history":[{"count":0,"href":"https:\/\/radiosinfronteras.com\/system\/wp-json\/wp\/v2\/posts\/362\/revisions"}],"wp:featuredmedia":[{"embeddable":true,"href":"https:\/\/radiosinfronteras.com\/system\/wp-json\/wp\/v2\/media\/363"}],"wp:attachment":[{"href":"https:\/\/radiosinfronteras.com\/system\/wp-json\/wp\/v2\/media?parent=362"}],"wp:term":[{"taxonomy":"category","embeddable":true,"href":"https:\/\/radiosinfronteras.com\/system\/wp-json\/wp\/v2\/categories?post=362"},{"taxonomy":"post_tag","embeddable":true,"href":"https:\/\/radiosinfronteras.com\/system\/wp-json\/wp\/v2\/tags?post=362"}],"curies":[{"name":"wp","href":"https:\/\/api.w.org\/{rel}","templated":true}]}}