{"id":364,"date":"2014-02-22T20:58:55","date_gmt":"2014-02-22T20:58:55","guid":{"rendered":"http:\/\/radiosinfronteras.com\/system\/?p=364"},"modified":"2014-02-22T21:05:12","modified_gmt":"2014-02-22T21:05:12","slug":"ultima-horamexico-muestra-a-chapo-guzman-tras-su-captura","status":"publish","type":"post","link":"https:\/\/radiosinfronteras.com\/system\/ultima-horamexico-muestra-a-chapo-guzman-tras-su-captura\/","title":{"rendered":"[ultima hora]M\u00e9xico muestra a \u201cChapo\u201d Guzm\u00e1n tras su captura"},"content":{"rendered":"<div id=\"attachment_365\" class=\"wp-caption alignleft\" style=\"width: 300px;\"><a rel=\"attachment wp-att-365\" href=\"http:\/\/radiosinfronteras.com\/system\/?attachment_id=365\"><img decoding=\"async\" loading=\"lazy\" width=\"300\" height=\"200\" class=\"size-medium wp-image-365\" title=\"Joaquin \"El Chapo\" Guzman\" alt=\"\" src=\"http:\/\/radiosinfronteras.com\/system\/wp-content\/uploads\/2014\/02\/chapo-300x200.jpg\" srcset=\"https:\/\/radiosinfronteras.com\/system\/wp-content\/uploads\/2014\/02\/chapo-300x200.jpg 300w, https:\/\/radiosinfronteras.com\/system\/wp-content\/uploads\/2014\/02\/chapo.jpg 512w\" sizes=\"(max-width: 300px) 100vw, 300px\" \/> <\/a><\/p>\n<p class=\"wp-caption-text\">\n<\/div>\n<p>MEXICO (AP) \u2014 Joaqu\u00edn \u201cEl Chapo\u201d Guzm\u00e1n, l\u00edder del poderoso cartel de<br \/>\n las drogas de Sinaloa, fue mostrado brevemente a la prensa hoy en la <br \/>\nciudad de M\u00e9xico horas despu\u00e9s de haber sido capturado en el noroeste de<br \/>\n M\u00e9xico.<\/p>\n<p>Vestido con camisa blanca de manga larga y pantalones <br \/>\nnegros, el Chapo Guzm\u00e1n fue escoltado hac\u00eda un helic\u00f3ptero de la Polic\u00eda<br \/>\n Federal con las manos a la espalda. Dos infantes de Marina lo <br \/>\ncustodiaban y lo llevaban tomado por el cuello y los brazos, lo que le <br \/>\ndificultaba levantar la cabeza.<\/p>\n<p>El chapo luc\u00eda bigote y un corte de pelo bien cuidados. La breve <br \/>\nescena, que duro vario segundos, ocurri\u00f3 en un hangar del aeropuerto de <br \/>\nla ciudad de M\u00e9xico. Los marinos lo llevaban hacia un helic\u00f3ptero de la <br \/>\npolic\u00eda federal.<\/p>\n<p>Momentos antes, el procurador general de la Rep\u00fablica, Jes\u00fas Murillo,<br \/>\n inform\u00f3 que \u201cEl Chapo\u201d Guzm\u00e1n fue capturado el s\u00e1bado junto con un <br \/>\ncolaborador a quien no identific\u00f3. Dijo que la operaci\u00f3n de captura se <br \/>\nprepar\u00f3 por meses.<\/p>\n<p>Un funcionario federal mexicano, bajo condici\u00f3n de anonimato, hab\u00eda <br \/>\ndicho a la AP que el\u2019Chapo\u2019 Guzm\u00e1n iba a ser recluido en una c\u00e1rcel de <br \/>\nalta seguridad.<\/p>\n","protected":false},"excerpt":{"rendered":"<p>MEXICO (AP) \u2014 Joaqu\u00edn \u201cEl Chapo\u201d Guzm\u00e1n, l\u00edder del poderoso cartel de las drogas de Sinaloa, fue mostrado brevemente a<\/p>\n","protected":false},"author":1,"featured_media":365,"comment_status":"open","ping_status":"open","sticky":false,"template":"","format":"standard","meta":[],"categories":[1],"tags":[],"_links":{"self":[{"href":"https:\/\/radiosinfronteras.com\/system\/wp-json\/wp\/v2\/posts\/364"}],"collection":[{"href":"https:\/\/radiosinfronteras.com\/system\/wp-json\/wp\/v2\/posts"}],"about":[{"href":"https:\/\/radiosinfronteras.com\/system\/wp-json\/wp\/v2\/types\/post"}],"author":[{"embeddable":true,"href":"https:\/\/radiosinfronteras.com\/system\/wp-json\/wp\/v2\/users\/1"}],"replies":[{"embeddable":true,"href":"https:\/\/radiosinfronteras.com\/system\/wp-json\/wp\/v2\/comments?post=364"}],"version-history":[{"count":0,"href":"https:\/\/radiosinfronteras.com\/system\/wp-json\/wp\/v2\/posts\/364\/revisions"}],"wp:featuredmedia":[{"embeddable":true,"href":"https:\/\/radiosinfronteras.com\/system\/wp-json\/wp\/v2\/media\/365"}],"wp:attachment":[{"href":"https:\/\/radiosinfronteras.com\/system\/wp-json\/wp\/v2\/media?parent=364"}],"wp:term":[{"taxonomy":"category","embeddable":true,"href":"https:\/\/radiosinfronteras.com\/system\/wp-json\/wp\/v2\/categories?post=364"},{"taxonomy":"post_tag","embeddable":true,"href":"https:\/\/radiosinfronteras.com\/system\/wp-json\/wp\/v2\/tags?post=364"}],"curies":[{"name":"wp","href":"https:\/\/api.w.org\/{rel}","templated":true}]}}