{"id":509,"date":"2014-03-19T13:59:48","date_gmt":"2014-03-19T13:59:48","guid":{"rendered":"http:\/\/radiosinfronteras.com\/system\/?p=509"},"modified":"2014-03-19T14:01:11","modified_gmt":"2014-03-19T14:01:11","slug":"ultima-horacrece-tension-entre-occidente-y-rusia-tras-anexion-crimea","status":"publish","type":"post","link":"https:\/\/radiosinfronteras.com\/system\/ultima-horacrece-tension-entre-occidente-y-rusia-tras-anexion-crimea\/","title":{"rendered":"[ultima hora]Crece tensi\u00f3n entre Occidente y Rusia tras anexi\u00f3n Crimea"},"content":{"rendered":"<div id=\"attachment_510\" class=\"wp-caption alignleft\" style=\"width: 300px;\"><a rel=\"attachment wp-att-510\" href=\"http:\/\/radiosinfronteras.com\/system\/?attachment_id=510\"><img decoding=\"async\" loading=\"lazy\" width=\"300\" height=\"200\" class=\"size-medium wp-image-510\" title=\"crece\" alt=\"\" src=\"http:\/\/radiosinfronteras.com\/system\/wp-content\/uploads\/2014\/03\/crece-300x200.jpg\" srcset=\"https:\/\/radiosinfronteras.com\/system\/wp-content\/uploads\/2014\/03\/crece-300x200.jpg 300w, https:\/\/radiosinfronteras.com\/system\/wp-content\/uploads\/2014\/03\/crece.jpg 500w\" sizes=\"(max-width: 300px) 100vw, 300px\" \/> <\/a><\/p>\n<p class=\"wp-caption-text\">\n<\/div>\n<p>                    MOSCU.- La situaci\u00f3n era sumamente tensa este <br \/>\nmi\u00e9rcoles entre Mosc\u00fa y Occidente tras la anexi\u00f3n de Crimea a Rusia en <br \/>\nv\u00edsperas de la cumbre europea que puede decidir nuevas sanciones. <\/p>\n<p>El presidente ruso, Vladimir Putin, firm\u00f3 el martes el tratado que <br \/>\nincorpora Crimea a Rusia. Tanto las autoridades ucranianas como la <br \/>\nmayor\u00eda de los l\u00edderes occidentales han condenado con firmeza dicho <br \/>\ntratado. <\/p>\n<p>Un militar ucraniano perdi\u00f3 la vida en Simferopol en un intento de <br \/>\nasalto contra su unidad, que hab\u00eda recibido la orden, como el resto de <br \/>\nlas unidades ucranianas de Crimea, de acatar la nueva tutela rusa o <br \/>\nmarcharse. <\/p>\n<p>Kiev reaccion\u00f3 autorizando oficialmente a los soldados que siguen en la pen\u00ednsula de Crimea a usar sus armas en defensa propia.<\/p>\n<p>La anexi\u00f3n de Crimea a Rusia, acordada con los nuevos dirigentes <br \/>\nprorrusos de la pen\u00ednsula, entr\u00f3 en vigor el martes, pese a que el <br \/>\nparlamento ruso todav\u00eda debe aprobar una ley en este sentido, lo que se <br \/>\nconsidera un mero tr\u00e1mite. <\/p>\n<p>El presidente ucraniano, Olexandre Turchinov, acus\u00f3 a Putin de seguir<br \/>\n el ejemplo de la Alemania nazi, que anexion\u00f3 territorios antes del <br \/>\ninicio de la II Guerra Mundial, y el ministro de Justicia Pavlo Petrenko<br \/>\n asegur\u00f3 que Ucrania se reserva el derecho a \u201cnacionalizar\u201d bienes rusos<br \/>\n en Crimea.<\/p>\n<p>\u201cFase militar\u201d<\/p>\n<p>Para el primer ministro ucraniano, Arseni Yatseniuk, el conflicto ha \u201cpasado de una fase pol\u00edtica a una fase militar\u201d. <\/p>\n<p>Por su parte, el presidente estadounidense, Barack Obama, invit\u00f3 a <br \/>\nlos dirigentes del G7 y a la Uni\u00f3n Europea a que se re\u00fanan la semana <br \/>\npr\u00f3xima en La Haya, al margen de la cumbre sobre seguridad nuclear, para<br \/>\n hablar de la situaci\u00f3n en Ucrania, mientras que el jefe de la <br \/>\ndiplomacia, John Kerry, advirti\u00f3 que una eventual incursi\u00f3n de Rusia en <br \/>\nel este de Ucrania ser\u00eda un acto \u201cescandaloso\u201d. <\/p>\n<p>El vicepresidente estadounidense, Joe Biden, prosigue por su parte <br \/>\neste mi\u00e9rcoles su gira por Polonia y los pa\u00edses b\u00e1lticos para <br \/>\ntranquilizar a estos pa\u00edses aliados preocupados por la agresividad de <br \/>\nMosc\u00fa.<\/p>\n<p>\u201cLa anexi\u00f3n de Crimea es ilegal e ileg\u00edtima y los aliados de la OTAN <br \/>\nno la reconocer\u00e1n\u201d, zanj\u00f3 por su parte el secretario general de la OTAN,<br \/>\n Anders Fogh Rasmussen, mientras el ministro de Relaciones Exteriores <br \/>\nbrit\u00e1nico, William Hague, anunci\u00f3 la suspensi\u00f3n de la cooperaci\u00f3n <br \/>\nmilitar con Mosc\u00fa y asegur\u00f3 que es muy probable que Rusia sea expulsada <br \/>\ndel G8. <\/p>\n<p>La canciller alemana, Angela Merkel, asegur\u00f3 que el tratado firmado <br \/>\npor Rusia y Crimea es \u201ccontrario al derecho internacional\u201d, aunque se <br \/>\nmostr\u00f3 favorable a proseguir el di\u00e1logo con Rusia.<\/p>\n<p>El presidente franc\u00e9s, Fran\u00e7ois Hollande, exigi\u00f3 una \u201crespuesta <br \/>\neuropea fuerte y coordinada\u201d en la cumbre europea del 20 y 21 de marzo. <\/p>\n<p>Para el presidente en ejercicio de la Organizaci\u00f3n para la Seguridad y<br \/>\n la Cooperaci\u00f3n en Europa (OSCE), Didier Burkhalter, la anexi\u00f3n de <br \/>\nCrimea tambi\u00e9n va contra \u201cel derecho internacional\u201d. <\/p>\n<p>En un discurso muy patri\u00f3tico y antioccidental, Putin dijo el martes <br \/>\nen el Parlamento que Rusia no quiere una escisi\u00f3n de Ucrania. \u201cNo lo <br \/>\nnecesitamos\u201d, sostuvo.<\/p>\n<p>Crimea, que pertenec\u00eda a Rusia en tiempos de la Uni\u00f3n Sovi\u00e9tica, fue <br \/>\nun regalo del entonces presidente Nikita Jruschov a Ucrania en 1954. <\/p>\n<p>El jefe del Estado ruso tambi\u00e9n arremeti\u00f3 contra los occidentales que<br \/>\n han adoptado sanciones contra Mosc\u00fa, al considerar que han \u201ctraspasado <br \/>\nla l\u00ednea roja\u201d y se han comportado de \u201cmanera irresponsable\u201d en la <br \/>\ncrisis ucraniana. M\u00e1s bien simb\u00f3licas, las sanciones anunciadas el lunes<br \/>\n afectan a un n\u00famero limitado de responsables rusos y ucranianos.<\/p>\n<p>En la lista de la Casa Blanca hay once personas -entre ellas el <br \/>\npresidente depuesto de Ucrania Viktor Yanukovich, un asesor y dos <br \/>\ndirigentes separatistas de Crimea, mientras que los ministros de <br \/>\nRelaciones Exteriores europeos decidieron sancionar con restricciones de<br \/>\n visas o congelamiento de haberes a 21 responsables ucranianos y rusos. <\/p>\n<p>No obstante, las sanciones son in\u00e9ditas en la historia de las <br \/>\nrelaciones entre la UE y Rusia desde el derrumbe de la Uni\u00f3n Sovi\u00e9tica <br \/>\nen 1991.<\/p>\n<p>E \u201cinaceptables\u201d, seg\u00fan el jefe de la diplomacia rusa, Serguei Lavrov, que advirti\u00f3 que tendr\u00e1n consecuencias. <\/p>\n<p>Los occidentales, que han excluido la opci\u00f3n militar, esperan el impacto del aislamiento internacional creciente de Rusia. <\/p>\n<p>Estados Unidos y la Uni\u00f3n Europea, que figuran entre los principales <br \/>\nsocios de Mosc\u00fa, se reservan la posibilidad de imponer sanciones <br \/>\necon\u00f3micas y comerciales. <\/p>\n<p>Poco parece importarle a Putin, que ha salido reforzado con el <br \/>\nrefer\u00e9ndum del domingo en Crimea y goza de la mayor cota de popularidad <br \/>\ndesde la elecci\u00f3n presidencial de mayo de 2012. <\/p>\n<p>Asimismo, Bruselas tiene previsto anunciar este mi\u00e9rcoles los detalles de su plan de ayuda de 1.000 millones de euros a Kiev.<\/p>\n<p>jt\/am<\/p>\n","protected":false},"excerpt":{"rendered":"<p>MOSCU.- La situaci\u00f3n era sumamente tensa este mi\u00e9rcoles entre Mosc\u00fa y Occidente tras la anexi\u00f3n de Crimea a Rusia en<\/p>\n","protected":false},"author":1,"featured_media":510,"comment_status":"open","ping_status":"open","sticky":false,"template":"","format":"standard","meta":[],"categories":[1],"tags":[],"_links":{"self":[{"href":"https:\/\/radiosinfronteras.com\/system\/wp-json\/wp\/v2\/posts\/509"}],"collection":[{"href":"https:\/\/radiosinfronteras.com\/system\/wp-json\/wp\/v2\/posts"}],"about":[{"href":"https:\/\/radiosinfronteras.com\/system\/wp-json\/wp\/v2\/types\/post"}],"author":[{"embeddable":true,"href":"https:\/\/radiosinfronteras.com\/system\/wp-json\/wp\/v2\/users\/1"}],"replies":[{"embeddable":true,"href":"https:\/\/radiosinfronteras.com\/system\/wp-json\/wp\/v2\/comments?post=509"}],"version-history":[{"count":0,"href":"https:\/\/radiosinfronteras.com\/system\/wp-json\/wp\/v2\/posts\/509\/revisions"}],"wp:featuredmedia":[{"embeddable":true,"href":"https:\/\/radiosinfronteras.com\/system\/wp-json\/wp\/v2\/media\/510"}],"wp:attachment":[{"href":"https:\/\/radiosinfronteras.com\/system\/wp-json\/wp\/v2\/media?parent=509"}],"wp:term":[{"taxonomy":"category","embeddable":true,"href":"https:\/\/radiosinfronteras.com\/system\/wp-json\/wp\/v2\/categories?post=509"},{"taxonomy":"post_tag","embeddable":true,"href":"https:\/\/radiosinfronteras.com\/system\/wp-json\/wp\/v2\/tags?post=509"}],"curies":[{"name":"wp","href":"https:\/\/api.w.org\/{rel}","templated":true}]}}