{"id":513,"date":"2014-03-19T14:07:15","date_gmt":"2014-03-19T14:07:15","guid":{"rendered":"http:\/\/radiosinfronteras.com\/system\/?p=513"},"modified":"2014-03-20T13:31:18","modified_gmt":"2014-03-20T13:31:18","slug":"blogluto-en-tamayo-y-vicente-noble-por-9-muertos-en-accidente","status":"publish","type":"post","link":"https:\/\/radiosinfronteras.com\/system\/blogluto-en-tamayo-y-vicente-noble-por-9-muertos-en-accidente\/","title":{"rendered":"[blog]Luto en Tamayo y Vicente Noble por 9 muertos en accidente"},"content":{"rendered":"<div id=\"attachment_514\" class=\"wp-caption alignleft\" style=\"width: 300px;\"><a rel=\"attachment wp-att-514\" href=\"http:\/\/radiosinfronteras.com\/system\/?attachment_id=514\"><img decoding=\"async\" loading=\"lazy\" width=\"500\" height=\"335\" class=\"size-medium wp-image-514\" title=\"accidente\" alt=\"\" src=\"http:\/\/radiosinfronteras.com\/system\/wp-content\/uploads\/2014\/03\/accidente.jpeg\" \/> <\/a><\/p>\n<p class=\"wp-caption-text\">\n<\/div>\n<p>Doris Pantale\u00f3n y Claudia Fabi\u00e1n<\/p>\n<p>                    Santo Domingo<\/p>\n<p>\n                      Mientras se mantienen estables y sometidos a <br \/>\ncirug\u00eda en un hospital de la capital tres de los heridos del accidente <br \/>\nocurrido la noche del lunes en la carretera Azua-Barahona que dej\u00f3 un <br \/>\nsaldo de nueve fallecidos, los ayuntamientos de Tamayo y Vicente Noble, <br \/>\nde donde eran las v\u00edctimas, declararon mediante resoluci\u00f3n D\u00eda de Duelo <br \/>\nMunicipal.<br \/>\nTambi\u00e9n fue suspendida la docencia en ambos municipios.<br \/>\n En tanto, familiares y allegados lamentan la tragedia, y definen al <br \/>\nconductor del autob\u00fas donde viajaban los pasajeros afectados, como un <br \/>\nhombre prudente y de gran experiencia frente al volante.<br \/>\nEl chofer<br \/>\n Francisco Batista N\u00fa\u00f1ez y los pasajeros Francisco Ram\u00edrez y Mar\u00eda <br \/>\nSantana fueron trasladados al hospital Ney Arias Lora, de la Ciudad de <br \/>\nla Salud, donde reciben atenciones m\u00e9dicas. El conductor fue intervenido<br \/>\n quir\u00fargicamente en la ma\u00f1ana de ayer para corregirle una fractura de <br \/>\nmeseta tivial (encima de la rodilla), adem\u00e1s presenta varios hematomas.<br \/>\nAsimismo,<br \/>\n Mar\u00eda Santana lleg\u00f3 al centro presentando traumas m\u00faltiples entre ellos<br \/>\n fracturas de f\u00e9mur y de pelvis, y Francisco Ram\u00edrez presenta trauma <br \/>\ncraneo-encef\u00e1lico, de acuerdo a los detalles ofrecidos por la gerente de<br \/>\n emergencia del hospital, doctora Surelis Jim\u00e9nez.  De los fallecidos, <br \/>\ncinco pertenecen al municipio Tamayo y cuatro son oriundos de Vicente <br \/>\nNoble. En tanto de los cuatro heridos, tres fueron trasladados a la <br \/>\ncapital y uno fue atendido en el hospital Taiw\u00e1n de Azua.<br \/>\nFausto <br \/>\nF\u00e9liz, hijo del propietario del autob\u00fas involucrado en el accidente, <br \/>\nperteneciente a la ruta Sinchocamita, explic\u00f3 que el conductor del mismo<br \/>\n hab\u00eda pasado el d\u00eda completo sentado en la casa en espera de que <br \/>\nllegara su turno para hacer la ruta interurbana.<br \/>\nDijo que era su <br \/>\nprimer viaje del d\u00eda y que pese a que era un autob\u00fas con capacidad para <br \/>\n30 pasajeros, en el momento del accidente s\u00f3lo ven\u00edan 13 personas. <br \/>\nSe\u00f1al\u00f3 que muchos de los pasajeros fallecidos viajaban con frecuencia en<br \/>\n el autob\u00fas.<br \/>\nEntre los fallecidos fueron identificados la pareja <br \/>\nde esposos Domingo Gerardo Figueroa y Mar\u00eda Encarnaci\u00f3n; Pascual Cuevas <br \/>\nGomera, Wanda Gonz\u00e1lez, Miguelina de la Paz, Mar\u00eda Beltr\u00e9 Santana, Ronni<br \/>\n Jos\u00e9 de la Rosa y Patricia P\u00e9rez.<br \/>\nEl accidente ocurri\u00f3 cuando la <br \/>\npatana sin r\u00f3tulo, placa L305800 impact\u00f3 al minib\u00fas, marca Toyota, color<br \/>\n crema, placa I-045057, ficha 16 de la ruta Sinchocamita.<br \/>\nOtro accidente<br \/>\nJim\u00e9nez<br \/>\n dijo que junto con esos heridos llegaron al hospital, en la madrugada <br \/>\ndel martes, ocho pacientes de otro accidente ocurrido en la autopista de<br \/>\n Saman\u00e1.<\/p>\n<p>(+)<br \/>\nOTRO ACCIDENTE EN LA AUTOPISTA DE SAMAN\u00c1<br \/>\nEste<br \/>\n accidente ocurri\u00f3 cuando el grupo viajaba en una yipeta Hummer y choc\u00f3 <br \/>\ncon un caballo. Entre los accidentados est\u00e1n Teodora Marte, de 77 a\u00f1os, <br \/>\ncon traumas m\u00faltiples; Yanet Maldonado, 59 a\u00f1os, con igual diagn\u00f3stico; <br \/>\nVictoria Payano, de 75 a\u00f1os, con politraumas; Emiliana Payano, de 71 <br \/>\na\u00f1os, con trauma lumbar leve y Bienvenido Amparo, de 65 a\u00f1os. \t\t \t   \t\t  <\/p>\n","protected":false},"excerpt":{"rendered":"<p>Doris Pantale\u00f3n y Claudia Fabi\u00e1n Santo Domingo Mientras se mantienen estables y sometidos a cirug\u00eda en un hospital de la<\/p>\n","protected":false},"author":1,"featured_media":514,"comment_status":"open","ping_status":"open","sticky":false,"template":"","format":"standard","meta":[],"categories":[1],"tags":[],"_links":{"self":[{"href":"https:\/\/radiosinfronteras.com\/system\/wp-json\/wp\/v2\/posts\/513"}],"collection":[{"href":"https:\/\/radiosinfronteras.com\/system\/wp-json\/wp\/v2\/posts"}],"about":[{"href":"https:\/\/radiosinfronteras.com\/system\/wp-json\/wp\/v2\/types\/post"}],"author":[{"embeddable":true,"href":"https:\/\/radiosinfronteras.com\/system\/wp-json\/wp\/v2\/users\/1"}],"replies":[{"embeddable":true,"href":"https:\/\/radiosinfronteras.com\/system\/wp-json\/wp\/v2\/comments?post=513"}],"version-history":[{"count":0,"href":"https:\/\/radiosinfronteras.com\/system\/wp-json\/wp\/v2\/posts\/513\/revisions"}],"wp:featuredmedia":[{"embeddable":true,"href":"https:\/\/radiosinfronteras.com\/system\/wp-json\/wp\/v2\/media\/514"}],"wp:attachment":[{"href":"https:\/\/radiosinfronteras.com\/system\/wp-json\/wp\/v2\/media?parent=513"}],"wp:term":[{"taxonomy":"category","embeddable":true,"href":"https:\/\/radiosinfronteras.com\/system\/wp-json\/wp\/v2\/categories?post=513"},{"taxonomy":"post_tag","embeddable":true,"href":"https:\/\/radiosinfronteras.com\/system\/wp-json\/wp\/v2\/tags?post=513"}],"curies":[{"name":"wp","href":"https:\/\/api.w.org\/{rel}","templated":true}]}}