{"id":577,"date":"2014-05-09T12:11:48","date_gmt":"2014-05-09T12:11:48","guid":{"rendered":"http:\/\/radiosinfronteras.com\/system\/?p=577"},"modified":"2014-05-09T12:14:34","modified_gmt":"2014-05-09T12:14:34","slug":"cuatro-presos-por-muerte-zuleica-y-pn-no-dice-movil","status":"publish","type":"post","link":"https:\/\/radiosinfronteras.com\/system\/cuatro-presos-por-muerte-zuleica-y-pn-no-dice-movil\/","title":{"rendered":"Cuatro presos por muerte Zuleica y PN no dice m\u00f3vil"},"content":{"rendered":"<div id=\"attachment_578\" class=\"wp-caption alignleft\" style=\"width: 300px;\"><a rel=\"attachment wp-att-578\" href=\"http:\/\/radiosinfronteras.com\/system\/?attachment_id=578\"><img decoding=\"async\" loading=\"lazy\" width=\"300\" height=\"206\" class=\"size-medium wp-image-578\" title=\"aaaaaa\" alt=\"\" src=\"http:\/\/radiosinfronteras.com\/system\/wp-content\/uploads\/2014\/05\/aaaaaa-300x206.jpg\" srcset=\"https:\/\/radiosinfronteras.com\/system\/wp-content\/uploads\/2014\/05\/aaaaaa-300x206.jpg 300w, https:\/\/radiosinfronteras.com\/system\/wp-content\/uploads\/2014\/05\/aaaaaa.jpg 450w\" sizes=\"(max-width: 300px) 100vw, 300px\" \/> <\/a><\/p>\n<p class=\"wp-caption-text\">\n<\/div>\n<p>Por Anabareli Espinosa<\/p>\n<p>\n                                            a.espinoza[@]hoy.com.do<\/p>\n<p>                                       Aunque fueron apresadas cuatro personas, entre ellas uno de los <br \/>\npresuntos autores intelectuales del crimen de Zuleica Flores Guzm\u00e1n y <br \/>\nNatasha Sing Germ\u00e1n, sobrina del presidente del Colegio M\u00e9dico <br \/>\nDominicano, a quien mataron por error, todav\u00eda la Polic\u00eda no ha <br \/>\ninformado el m\u00f3vil de esas muertes.<\/p>\n<p>Ayer fueron arrestados Jes\u00fas Manuel Mendoza Ben\u00edtez (El Jefe), de 37 <br \/>\na\u00f1os, quien habr\u00eda contratado a Jhonny Senci\u00f3n G\u00f3mez (Pai o El <br \/>\nCamionero), de 45, para que buscara a los sicarios. El mi\u00e9rcoles fue <br \/>\narrestado el supuesto sicario Luis Abel Mariano P\u00e9rez (Luisito).<\/p>\n<p>El vocero de la Polic\u00eda, coronel Jacobo Mateo Moquete, explic\u00f3 que <br \/>\nMendoza Ben\u00edtez contrat\u00f3 a Senci\u00f3n G\u00f3mez para que buscara a los sicarios<br \/>\n y mataran a Zuleica. Dijo que luego de que Senci\u00f3n G\u00f3mez busc\u00f3 a los <br \/>\npresuntos sicarios Amauris Soriano (Nevado), detenido el martes, y a <br \/>\nMariano P\u00e9rez, los puso en contacto con Mendoza Ben\u00edtez, quien les <br \/>\nproporcion\u00f3 una pistola y un rev\u00f3lver.<\/p>\n<p><\/p>\n","protected":false},"excerpt":{"rendered":"<p>Por Anabareli Espinosa a.espinoza[@]hoy.com.do Aunque fueron apresadas cuatro personas, entre ellas uno de los presuntos autores intelectuales del crimen de<\/p>\n","protected":false},"author":1,"featured_media":578,"comment_status":"closed","ping_status":"closed","sticky":false,"template":"","format":"standard","meta":[],"categories":[32],"tags":[],"_links":{"self":[{"href":"https:\/\/radiosinfronteras.com\/system\/wp-json\/wp\/v2\/posts\/577"}],"collection":[{"href":"https:\/\/radiosinfronteras.com\/system\/wp-json\/wp\/v2\/posts"}],"about":[{"href":"https:\/\/radiosinfronteras.com\/system\/wp-json\/wp\/v2\/types\/post"}],"author":[{"embeddable":true,"href":"https:\/\/radiosinfronteras.com\/system\/wp-json\/wp\/v2\/users\/1"}],"replies":[{"embeddable":true,"href":"https:\/\/radiosinfronteras.com\/system\/wp-json\/wp\/v2\/comments?post=577"}],"version-history":[{"count":0,"href":"https:\/\/radiosinfronteras.com\/system\/wp-json\/wp\/v2\/posts\/577\/revisions"}],"wp:featuredmedia":[{"embeddable":true,"href":"https:\/\/radiosinfronteras.com\/system\/wp-json\/wp\/v2\/media\/578"}],"wp:attachment":[{"href":"https:\/\/radiosinfronteras.com\/system\/wp-json\/wp\/v2\/media?parent=577"}],"wp:term":[{"taxonomy":"category","embeddable":true,"href":"https:\/\/radiosinfronteras.com\/system\/wp-json\/wp\/v2\/categories?post=577"},{"taxonomy":"post_tag","embeddable":true,"href":"https:\/\/radiosinfronteras.com\/system\/wp-json\/wp\/v2\/tags?post=577"}],"curies":[{"name":"wp","href":"https:\/\/api.w.org\/{rel}","templated":true}]}}