{"id":581,"date":"2014-05-09T12:21:08","date_gmt":"2014-05-09T12:21:08","guid":{"rendered":"http:\/\/radiosinfronteras.com\/system\/?p=581"},"modified":"2014-05-09T12:22:28","modified_gmt":"2014-05-09T12:22:28","slug":"venezuela-tildan-de-insolente-opinion-secretario-estado-eu","status":"publish","type":"post","link":"https:\/\/radiosinfronteras.com\/system\/venezuela-tildan-de-insolente-opinion-secretario-estado-eu\/","title":{"rendered":"Venezuela: Tildan de &#8220;insolente&#8221; opini\u00f3n secretario Estado EU"},"content":{"rendered":"<div id=\"attachment_582\" class=\"wp-caption alignleft\" style=\"width: 300px;\"><a rel=\"attachment wp-att-582\" href=\"http:\/\/radiosinfronteras.com\/system\/?attachment_id=582\"><img decoding=\"async\" loading=\"lazy\" width=\"300\" height=\"241\" class=\"size-medium wp-image-582\" title=\"aaaaaaaaa\" alt=\"\" src=\"http:\/\/radiosinfronteras.com\/system\/wp-content\/uploads\/2014\/05\/aaaaaaaaa-300x241.jpg\" srcset=\"https:\/\/radiosinfronteras.com\/system\/wp-content\/uploads\/2014\/05\/aaaaaaaaa-300x241.jpg 300w, https:\/\/radiosinfronteras.com\/system\/wp-content\/uploads\/2014\/05\/aaaaaaaaa.jpg 450w\" sizes=\"(max-width: 300px) 100vw, 300px\" \/> <\/a><\/p>\n<p class=\"wp-caption-text\">\n<\/div>\n<p>CARACAS.- El gobierno rechaz\u00f3 y calific\u00f3 de \u201cinjerencistas e insolentes\u201d<br \/>\n las declaraciones emitidas recientemente por el secretario de Estado de<br \/>\n Estados Unidos, John Kerry, quien se mostr\u00f3 preocupado por la situaci\u00f3n<br \/>\n que atraviesa Venezuela y los pocos avances en el di\u00e1logo entre el <br \/>\ngobierno y representantes de la Mesa de la Unidad Democr\u00e1tica, que <br \/>\nconcentra a los partidos pol\u00edticos de oposici\u00f3n.<\/p>\n<p>A juicio del <br \/>\nGobierno, los comentarios incentivan a prolongar acciones violentas al <br \/>\nmargen de la Constituci\u00f3n, haciendo referencia a hechos vand\u00e1licos que <br \/>\nasegura han llevado a cabo sectores de oposici\u00f3n. <\/p>\n<p>\u201cOjal\u00e1 que el <br \/>\nimperio norteamericano rectifique y entienda. Nicol\u00e1s Maduro nombr\u00f3 a un<br \/>\n embajador, el compa\u00f1ero Maximilien. Mes y medio y no ha habido todav\u00eda <br \/>\nrespuesta. La respuesta arrogante es estamos preocupados por el destino <br \/>\nde Venezuela, esa es la respuesta arrogante del imperio, no aceptan otro<br \/>\n embajador.<\/p>\n<p>En un intento de regularizar las relaciones con <br \/>\nEstados Unidos como con cualquier pueblo (\u2026) Seguramente ahorita <br \/>\ncomienzan los inefables amigos de EE.UU. a cancelarle las visas a los <br \/>\ndiputados, a m\u00ed me la cancelaron\u201d, dijo el presidente de la Asamblea <br \/>\nNacional, Diosdado Cabello.<\/p>\n<p>La mesa de di\u00e1logo programada para el<br \/>\n mi\u00e9rcoles fue postergada para la semana pr\u00f3xima. El vicepresidente de <br \/>\nla rep\u00fablica, Jorge Arreaza inform\u00f3 que se tom\u00f3 la decisi\u00f3n con el <br \/>\nprop\u00f3sito de que se produzcan avances en las comisiones de trabajo que <br \/>\nfueron establecidas en la reuni\u00f3n anterior.<\/p>\n<p>Entre tanto, <br \/>\nestudiantes de la Universidad Metropolitana en la capital, <br \/>\nprotagonizaron una nueva manifestaci\u00f3n que fue dispersada por las <br \/>\nfuerzas de seguridad con bombas lacrim\u00f3genas que causaron un incendio en<br \/>\n las \u00e1reas verdes de la casa de estudios.  \t\t \t   \t\t  <\/p>\n","protected":false},"excerpt":{"rendered":"<p>CARACAS.- El gobierno rechaz\u00f3 y calific\u00f3 de \u201cinjerencistas e insolentes\u201d las declaraciones emitidas recientemente por el secretario de Estado de<\/p>\n","protected":false},"author":1,"featured_media":582,"comment_status":"closed","ping_status":"closed","sticky":false,"template":"","format":"standard","meta":[],"categories":[29],"tags":[],"_links":{"self":[{"href":"https:\/\/radiosinfronteras.com\/system\/wp-json\/wp\/v2\/posts\/581"}],"collection":[{"href":"https:\/\/radiosinfronteras.com\/system\/wp-json\/wp\/v2\/posts"}],"about":[{"href":"https:\/\/radiosinfronteras.com\/system\/wp-json\/wp\/v2\/types\/post"}],"author":[{"embeddable":true,"href":"https:\/\/radiosinfronteras.com\/system\/wp-json\/wp\/v2\/users\/1"}],"replies":[{"embeddable":true,"href":"https:\/\/radiosinfronteras.com\/system\/wp-json\/wp\/v2\/comments?post=581"}],"version-history":[{"count":0,"href":"https:\/\/radiosinfronteras.com\/system\/wp-json\/wp\/v2\/posts\/581\/revisions"}],"wp:featuredmedia":[{"embeddable":true,"href":"https:\/\/radiosinfronteras.com\/system\/wp-json\/wp\/v2\/media\/582"}],"wp:attachment":[{"href":"https:\/\/radiosinfronteras.com\/system\/wp-json\/wp\/v2\/media?parent=581"}],"wp:term":[{"taxonomy":"category","embeddable":true,"href":"https:\/\/radiosinfronteras.com\/system\/wp-json\/wp\/v2\/categories?post=581"},{"taxonomy":"post_tag","embeddable":true,"href":"https:\/\/radiosinfronteras.com\/system\/wp-json\/wp\/v2\/tags?post=581"}],"curies":[{"name":"wp","href":"https:\/\/api.w.org\/{rel}","templated":true}]}}