{"id":583,"date":"2014-05-09T12:27:46","date_gmt":"2014-05-09T12:27:46","guid":{"rendered":"http:\/\/radiosinfronteras.com\/system\/?p=583"},"modified":"2014-05-09T12:34:24","modified_gmt":"2014-05-09T12:34:24","slug":"sismo-de-magnitud-67-richter-sacude-el-centro-y-sur-de-mexico","status":"publish","type":"post","link":"https:\/\/radiosinfronteras.com\/system\/sismo-de-magnitud-67-richter-sacude-el-centro-y-sur-de-mexico\/","title":{"rendered":"Sismo de magnitud 6,7 Richter sacude el centro y sur de M\u00e9xico"},"content":{"rendered":"<div id=\"attachment_584\" class=\"wp-caption alignleft\" style=\"width: 300px;\"><a rel=\"attachment wp-att-584\" href=\"http:\/\/radiosinfronteras.com\/system\/?attachment_id=584\"><img decoding=\"async\" loading=\"lazy\" width=\"300\" height=\"224\" class=\"size-medium wp-image-584\" title=\"aaaaaaaa\" alt=\"\" src=\"http:\/\/radiosinfronteras.com\/system\/wp-content\/uploads\/2014\/05\/aaaaaaaa-300x224.jpg\" srcset=\"https:\/\/radiosinfronteras.com\/system\/wp-content\/uploads\/2014\/05\/aaaaaaaa-300x224.jpg 300w, https:\/\/radiosinfronteras.com\/system\/wp-content\/uploads\/2014\/05\/aaaaaaaa.jpg 450w\" sizes=\"(max-width: 300px) 100vw, 300px\" \/> <\/a><\/p>\n<p class=\"wp-caption-text\">\n<\/div>\n<p>EL TEMBLOR SE REGISTR\u00d3 A LAS 12.00 HORA LOCAL (17.00 GMT) Y SU EPICENTRO<br \/>\n SE LOCALIZ\u00d3 23 KIL\u00d3METROS AL OESTE DE TECPAN, EN EL SURE\u00d1O ESTADO DE <br \/>\nGUERRERO, A 10 KIL\u00d3METROS DE PROFUNDIDAD<\/p>\n<p>EFE<\/p>\n<p>                    M\u00e9xico<\/p>\n<p>\nUn movimiento s\u00edsmico magnitud 6,7 en la escala de Richter sacudi\u00f3 hoy <br \/>\nel centro y sur de M\u00e9xico, sin que se haya informado a\u00fan sobre posibles <br \/>\nv\u00edctimas, seg\u00fan datos preliminares del Servicio Sismol\u00f3gico Nacional.<\/p>\n<p>El temblor se registr\u00f3 a las 12.00 hora local (17.00 GMT) y su epicentro<br \/>\n se localiz\u00f3 23 kil\u00f3metros al oeste de Tecpan, en el sure\u00f1o estado de <br \/>\nGuerrero, a 10 kil\u00f3metros de profundidad, precis\u00f3 el organismo a trav\u00e9s <br \/>\nde la red social Twitter.<\/p>\n<p>El sismo se sinti\u00f3 con fuerza en la capital mexicana, donde la mayor\u00eda <br \/>\nde los edificios de oficinas del centro de la urbe fueron evacuados.<\/p>\n<p><\/p>\n","protected":false},"excerpt":{"rendered":"<p>EL TEMBLOR SE REGISTR\u00d3 A LAS 12.00 HORA LOCAL (17.00 GMT) Y SU EPICENTRO SE LOCALIZ\u00d3 23 KIL\u00d3METROS AL OESTE<\/p>\n","protected":false},"author":1,"featured_media":584,"comment_status":"closed","ping_status":"closed","sticky":false,"template":"","format":"standard","meta":[],"categories":[13],"tags":[],"_links":{"self":[{"href":"https:\/\/radiosinfronteras.com\/system\/wp-json\/wp\/v2\/posts\/583"}],"collection":[{"href":"https:\/\/radiosinfronteras.com\/system\/wp-json\/wp\/v2\/posts"}],"about":[{"href":"https:\/\/radiosinfronteras.com\/system\/wp-json\/wp\/v2\/types\/post"}],"author":[{"embeddable":true,"href":"https:\/\/radiosinfronteras.com\/system\/wp-json\/wp\/v2\/users\/1"}],"replies":[{"embeddable":true,"href":"https:\/\/radiosinfronteras.com\/system\/wp-json\/wp\/v2\/comments?post=583"}],"version-history":[{"count":0,"href":"https:\/\/radiosinfronteras.com\/system\/wp-json\/wp\/v2\/posts\/583\/revisions"}],"wp:featuredmedia":[{"embeddable":true,"href":"https:\/\/radiosinfronteras.com\/system\/wp-json\/wp\/v2\/media\/584"}],"wp:attachment":[{"href":"https:\/\/radiosinfronteras.com\/system\/wp-json\/wp\/v2\/media?parent=583"}],"wp:term":[{"taxonomy":"category","embeddable":true,"href":"https:\/\/radiosinfronteras.com\/system\/wp-json\/wp\/v2\/categories?post=583"},{"taxonomy":"post_tag","embeddable":true,"href":"https:\/\/radiosinfronteras.com\/system\/wp-json\/wp\/v2\/tags?post=583"}],"curies":[{"name":"wp","href":"https:\/\/api.w.org\/{rel}","templated":true}]}}