{"id":699,"date":"2014-06-13T11:28:29","date_gmt":"2014-06-13T11:28:29","guid":{"rendered":"http:\/\/radiosinfronteras.com\/system\/?p=699"},"modified":"2014-06-13T11:43:49","modified_gmt":"2014-06-13T11:43:49","slug":"detenido-un-hombre-en-sudafrica-que-mato-y-se-comio-el-corazon-de-una-persona","status":"publish","type":"post","link":"https:\/\/radiosinfronteras.com\/system\/detenido-un-hombre-en-sudafrica-que-mato-y-se-comio-el-corazon-de-una-persona\/","title":{"rendered":"Detenido un hombre en Sud\u00e1frica que mat\u00f3 y se comi\u00f3 el coraz\u00f3n de una persona"},"content":{"rendered":"<div id=\"attachment_700\" class=\"wp-caption alignleft\" style=\"width: 212px;\"><a rel=\"attachment wp-att-700\" href=\"http:\/\/radiosinfronteras.com\/system\/?attachment_id=700\"><img decoding=\"async\" loading=\"lazy\" width=\"212\" height=\"300\" class=\"size-medium wp-image-700\" title=\"corazon\" alt=\"\" src=\"http:\/\/radiosinfronteras.com\/system\/wp-content\/uploads\/2014\/06\/corazon-212x300.jpg\" srcset=\"https:\/\/radiosinfronteras.com\/system\/wp-content\/uploads\/2014\/06\/corazon-212x300.jpg 212w, https:\/\/radiosinfronteras.com\/system\/wp-content\/uploads\/2014\/06\/corazon.jpg 450w\" sizes=\"(max-width: 212px) 100vw, 212px\" \/> <\/a><\/p>\n<p class=\"wp-caption-text\">\n<\/div>\n<p>Nairobi, 12 jun (EFE).- Un hombre fue <br \/>\ndetenido en Ciudad del Cabo despu\u00e9s de supuestamente matar a la pareja <br \/>\nde su exnovia, a la que le sac\u00f3 el coraz\u00f3n y se lo comi\u00f3 con un cuchillo<br \/>\n y un tenedor, informaron hoy los medios locales.<br \/>\nEl suceso ocurri\u00f3 la noche del martes y fue <br \/>\npresenciado por un vecino que alert\u00f3 a la Polic\u00eda despu\u00e9s de ver el <br \/>\n&#8220;salvaje&#8221; crimen desde una de sus ventanas.<br \/>\n&#8220;En la escena encontramos a un sospechoso, un <br \/>\nhombre zimbabuense, comi\u00e9ndose el coraz\u00f3n de un ser humano con un <br \/>\ncuchillo y un tenedor&#8221;, dijo el portavoz de la polic\u00eda de Ciudad del <br \/>\nCabo, Van Wyk, citado por el diario &#8220;Times Lives&#8221;.<br \/>\nSeg\u00fan relat\u00f3 uno de los vecinos al peri\u00f3dico, &#8220;el hombre murmuraba: &#8216;Yo soy el rey&#8217; y declaraba su amor eterno a la mujer&#8221;.<br \/>\nEl asesinato se produjo en casa de la mujer, que en ese momento no se encontraba en la vivienda.<br \/>\nLa Polic\u00eda arrest\u00f3 al sospechoso, que comparecer\u00e1 en los pr\u00f3ximos d\u00edas ante el tribunal.<br \/>\nEl pasado mes de abril los agentes sudafricanos <br \/>\ndetuvieron en la ciudad de Durban (este del pa\u00eds) a un supuesto can\u00edbal <br \/>\nque confes\u00f3 haber matado a dos personas, de las que cocin\u00f3 y se comi\u00f3 <br \/>\nparte de los cuerpos. EFE \t\t \t   \t\t  <\/p>\n","protected":false},"excerpt":{"rendered":"<p>Nairobi, 12 jun (EFE).- Un hombre fue detenido en Ciudad del Cabo despu\u00e9s de supuestamente matar a la pareja de<\/p>\n","protected":false},"author":1,"featured_media":700,"comment_status":"closed","ping_status":"closed","sticky":false,"template":"","format":"standard","meta":[],"categories":[13],"tags":[],"_links":{"self":[{"href":"https:\/\/radiosinfronteras.com\/system\/wp-json\/wp\/v2\/posts\/699"}],"collection":[{"href":"https:\/\/radiosinfronteras.com\/system\/wp-json\/wp\/v2\/posts"}],"about":[{"href":"https:\/\/radiosinfronteras.com\/system\/wp-json\/wp\/v2\/types\/post"}],"author":[{"embeddable":true,"href":"https:\/\/radiosinfronteras.com\/system\/wp-json\/wp\/v2\/users\/1"}],"replies":[{"embeddable":true,"href":"https:\/\/radiosinfronteras.com\/system\/wp-json\/wp\/v2\/comments?post=699"}],"version-history":[{"count":0,"href":"https:\/\/radiosinfronteras.com\/system\/wp-json\/wp\/v2\/posts\/699\/revisions"}],"wp:featuredmedia":[{"embeddable":true,"href":"https:\/\/radiosinfronteras.com\/system\/wp-json\/wp\/v2\/media\/700"}],"wp:attachment":[{"href":"https:\/\/radiosinfronteras.com\/system\/wp-json\/wp\/v2\/media?parent=699"}],"wp:term":[{"taxonomy":"category","embeddable":true,"href":"https:\/\/radiosinfronteras.com\/system\/wp-json\/wp\/v2\/categories?post=699"},{"taxonomy":"post_tag","embeddable":true,"href":"https:\/\/radiosinfronteras.com\/system\/wp-json\/wp\/v2\/tags?post=699"}],"curies":[{"name":"wp","href":"https:\/\/api.w.org\/{rel}","templated":true}]}}