{"id":701,"date":"2014-06-13T11:31:42","date_gmt":"2014-06-13T11:31:42","guid":{"rendered":"http:\/\/radiosinfronteras.com\/system\/?p=701"},"modified":"2014-06-13T11:43:50","modified_gmt":"2014-06-13T11:43:50","slug":"los-telefonos-macos-un-desafio-a-la-seguridad-nacional","status":"publish","type":"post","link":"https:\/\/radiosinfronteras.com\/system\/los-telefonos-macos-un-desafio-a-la-seguridad-nacional\/","title":{"rendered":"Los tel\u00e9fonos &#8220;macos&#8221;, un desaf\u00edo a la seguridad nacional"},"content":{"rendered":"<div id=\"attachment_702\" class=\"wp-caption alignleft\" style=\"width: 300px;\"><a rel=\"attachment wp-att-702\" href=\"http:\/\/radiosinfronteras.com\/system\/?attachment_id=702\"><img decoding=\"async\" loading=\"lazy\" width=\"300\" height=\"200\" class=\"size-medium wp-image-702\" title=\"tele\" alt=\"\" src=\"http:\/\/radiosinfronteras.com\/system\/wp-content\/uploads\/2014\/06\/tele-300x200.jpg\" srcset=\"https:\/\/radiosinfronteras.com\/system\/wp-content\/uploads\/2014\/06\/tele-300x200.jpg 300w, https:\/\/radiosinfronteras.com\/system\/wp-content\/uploads\/2014\/06\/tele.jpg 450w\" sizes=\"(max-width: 300px) 100vw, 300px\" \/> <\/a><\/p>\n<p class=\"wp-caption-text\">\n<\/div>\n<p>SANTO DOMINGO.- La revelaci\u00f3n del jefe de la Polic\u00eda Nacional de la <br \/>\nexistencia de 5.0 millones de l\u00edneas de tel\u00e9fonos calificados de &#8220;macos&#8221;<br \/>\n plantea un problema  para la seguridad nacional  puesto que  en mucho <br \/>\ncasos no pueden ser rastreadas.<\/p>\n<p>As\u00ed lo  explica la  versi\u00f3n <br \/>\nexpuesta por el general Manuel Castro Castillo en el sentido de  que  <br \/>\n1,970   llamadas  al sistema 911  fueron fraudulentas  en menos de 24 <br \/>\nhoras.<\/p>\n<p>La reacci\u00f3n de las autoridades no se hizo esperar y de <br \/>\ninmediato  se  solicit\u00f3 a las empresas prestadoras del  servicio  <br \/>\nregularizar  la situaci\u00f3n, para lo que concedieron un plazo hasta el d\u00eda<br \/>\n 12 del mes en curso.<\/p>\n<p>Los llamados tel\u00e9fonos &#8220;macos&#8221;  son <br \/>\nvendidos hasta en los sem\u00e1foros, en una operaci\u00f3n en la que al comprador<br \/>\n del servicio  no se le exige ning\u00fan tipo  identidad.<\/p>\n<p>Muchas <br \/>\nactividades delincuenciales se esconden  detr\u00e1s de los llamados <br \/>\ntel\u00e9fonos no registrados, ya que sus usuarios no son f\u00e1ciles de <br \/>\nrastrear.<\/p>\n<p>Castro Castillo dijo que 94 % de las denuncias en los <br \/>\ncentros de atenci\u00f3n a  los ciudadanos en el Gran Santo Domingo <br \/>\ncorresponde  al robo de tel\u00e9fonos, que luego son  activados de forma <br \/>\nprepago.<\/p>\n<p>Los narcotraficantes tambi\u00e9n recurren al uso de <br \/>\ntel\u00e9fonos &#8220;macos&#8221;  para evadir el rastreo. As\u00ed se han dado caso de m\u00e1s <br \/>\npersonas que han sido robados con m\u00e1s de diez l\u00ednea de tel\u00e9fonos.<\/p>\n<p>Actualmente, en el pa\u00eds hay m\u00e1s de diez millones de l\u00edneas de tel\u00e9fonos m\u00f3viles de los que 8.0 millones son prepago.<\/p>\n<p>\n El 95% de los  pr\u00f3fugos internacionales al momento de ser apresados  <br \/>\nportan un tel\u00e9fono &#8220;maco&#8221; y  el 98% de llamadas de amenazas de muertes  <br \/>\n provienen de los mismos tel\u00e9fonos.<\/p>\n<p> Pero los macos   no solo son<br \/>\n  usados por delincuentes ya que miles de personas  del pueblo los usan <br \/>\npor lo baratos que resultan.<\/p>\n<p> Adem\u00e1s  muchas los usan porque <br \/>\ncreen que estos tel\u00e9fonos son  grabados por los organismos se seguridad y<br \/>\n entonces pueden hacer una llamada confiable. Incluso  esposos y esposas<br \/>\n infieles los usan  de manera clandestina. \t\t \t   \t\t  <\/p>\n","protected":false},"excerpt":{"rendered":"<p>SANTO DOMINGO.- La revelaci\u00f3n del jefe de la Polic\u00eda Nacional de la existencia de 5.0 millones de l\u00edneas de tel\u00e9fonos<\/p>\n","protected":false},"author":1,"featured_media":702,"comment_status":"closed","ping_status":"closed","sticky":false,"template":"","format":"standard","meta":[],"categories":[32],"tags":[],"_links":{"self":[{"href":"https:\/\/radiosinfronteras.com\/system\/wp-json\/wp\/v2\/posts\/701"}],"collection":[{"href":"https:\/\/radiosinfronteras.com\/system\/wp-json\/wp\/v2\/posts"}],"about":[{"href":"https:\/\/radiosinfronteras.com\/system\/wp-json\/wp\/v2\/types\/post"}],"author":[{"embeddable":true,"href":"https:\/\/radiosinfronteras.com\/system\/wp-json\/wp\/v2\/users\/1"}],"replies":[{"embeddable":true,"href":"https:\/\/radiosinfronteras.com\/system\/wp-json\/wp\/v2\/comments?post=701"}],"version-history":[{"count":0,"href":"https:\/\/radiosinfronteras.com\/system\/wp-json\/wp\/v2\/posts\/701\/revisions"}],"wp:featuredmedia":[{"embeddable":true,"href":"https:\/\/radiosinfronteras.com\/system\/wp-json\/wp\/v2\/media\/702"}],"wp:attachment":[{"href":"https:\/\/radiosinfronteras.com\/system\/wp-json\/wp\/v2\/media?parent=701"}],"wp:term":[{"taxonomy":"category","embeddable":true,"href":"https:\/\/radiosinfronteras.com\/system\/wp-json\/wp\/v2\/categories?post=701"},{"taxonomy":"post_tag","embeddable":true,"href":"https:\/\/radiosinfronteras.com\/system\/wp-json\/wp\/v2\/tags?post=701"}],"curies":[{"name":"wp","href":"https:\/\/api.w.org\/{rel}","templated":true}]}}