{"id":98,"date":"2014-01-28T23:33:08","date_gmt":"2014-01-28T23:33:08","guid":{"rendered":"http:\/\/radiosinfronteras.com\/system\/?p=98"},"modified":"2014-01-28T23:33:08","modified_gmt":"2014-01-28T23:33:08","slug":"1986-explota-el-challenger","status":"publish","type":"post","link":"https:\/\/radiosinfronteras.com\/system\/1986-explota-el-challenger\/","title":{"rendered":"1986 Explota el Challenger"},"content":{"rendered":"<p>A las 11:38 de la ma\u00f1ana, el transbordador espacial de los Estados Unidos Challenger despega de Cabo Ca\u00f1averal, Florida. A bordo estaba Christa McAuliffe, quien iba camino a convertirse en la primer mujer civil de EEUU que viajara al espacio en una misi\u00f3n no cient\u00edfica. McAuliffe, una maestra de secundaria de New Hampshire de 37 a\u00f1os, gan\u00f3 una competencia con la que obtuvo un lugar entre los siete tripulantes del Challenger. Experiment\u00f3 meses de entrenamiento para el transbordador, y luego, comenzando el 23 de enero, debi\u00f3 esperar seis largos d\u00edas ya que la cuenta regresiva del lanzamiento del Challenger fue postergada en varias oportunidades debido al clima y a problemas t\u00e9cnicos. Finalmente, el 28 de enero, el transbordador despeg\u00f3. Setenta y tres segundos despu\u00e9s, cientos de espectadores en tierra \u2013 incluyendo a la familia de Christa \u2013 miraron incr\u00e9dulos c\u00f3mo el transbordador explotaba en un penacho bifurcado de humo y fuego. Millones de personas m\u00e1s observaron la angustiante tragedia transmitida por la televisi\u00f3n en vivo. No hubo sobrevivientes. Una comisi\u00f3n presidencial designada para investigar el accidente determin\u00f3 que la explosi\u00f3n fue causada por una falla en un \u201canillo O\u201d sellado en uno de los dos cohetes de combustible s\u00f3lido. El \u201canillo O\u201d el\u00e1stico no respondi\u00f3 como se esperaba debido a las fr\u00edas temperaturas del momento del lanzamiento, que inici\u00f3 una cadena de eventos que llevaron a la explosi\u00f3n masiva. Como resultado de la tragedia, la NASA no envi\u00f3 astronautas al espacio por m\u00e1s de dos a\u00f1os as\u00ed como redise\u00f1\u00f3 una serie de dispositivos del transbordador espacial.<a href=\"http:\/\/radiosinfronteras.com\/system\/wp-content\/uploads\/2014\/01\/1986.jpg\"><img decoding=\"async\" loading=\"lazy\" src=\"http:\/\/radiosinfronteras.com\/system\/wp-content\/uploads\/2014\/01\/1986.jpg\" alt=\"1986\" width=\"680\" height=\"570\" class=\"alignnone size-full wp-image-99\" srcset=\"https:\/\/radiosinfronteras.com\/system\/wp-content\/uploads\/2014\/01\/1986.jpg 680w, https:\/\/radiosinfronteras.com\/system\/wp-content\/uploads\/2014\/01\/1986-300x251.jpg 300w\" sizes=\"(max-width: 680px) 100vw, 680px\" \/><\/a><\/p>\n","protected":false},"excerpt":{"rendered":"<p>A las 11:38 de la ma\u00f1ana, el transbordador espacial de los Estados Unidos Challenger despega de Cabo Ca\u00f1averal, Florida. A<\/p>\n","protected":false},"author":1,"featured_media":0,"comment_status":"open","ping_status":"open","sticky":false,"template":"","format":"standard","meta":[],"categories":[16],"tags":[],"_links":{"self":[{"href":"https:\/\/radiosinfronteras.com\/system\/wp-json\/wp\/v2\/posts\/98"}],"collection":[{"href":"https:\/\/radiosinfronteras.com\/system\/wp-json\/wp\/v2\/posts"}],"about":[{"href":"https:\/\/radiosinfronteras.com\/system\/wp-json\/wp\/v2\/types\/post"}],"author":[{"embeddable":true,"href":"https:\/\/radiosinfronteras.com\/system\/wp-json\/wp\/v2\/users\/1"}],"replies":[{"embeddable":true,"href":"https:\/\/radiosinfronteras.com\/system\/wp-json\/wp\/v2\/comments?post=98"}],"version-history":[{"count":1,"href":"https:\/\/radiosinfronteras.com\/system\/wp-json\/wp\/v2\/posts\/98\/revisions"}],"predecessor-version":[{"id":100,"href":"https:\/\/radiosinfronteras.com\/system\/wp-json\/wp\/v2\/posts\/98\/revisions\/100"}],"wp:attachment":[{"href":"https:\/\/radiosinfronteras.com\/system\/wp-json\/wp\/v2\/media?parent=98"}],"wp:term":[{"taxonomy":"category","embeddable":true,"href":"https:\/\/radiosinfronteras.com\/system\/wp-json\/wp\/v2\/categories?post=98"},{"taxonomy":"post_tag","embeddable":true,"href":"https:\/\/radiosinfronteras.com\/system\/wp-json\/wp\/v2\/tags?post=98"}],"curies":[{"name":"wp","href":"https:\/\/api.w.org\/{rel}","templated":true}]}}